{"id":9603,"date":"2025-08-31T06:08:52","date_gmt":"2025-08-31T04:08:52","guid":{"rendered":"https:\/\/www.milosnicylasu.olsztyn.pl\/?p=9603"},"modified":"2025-08-31T06:34:42","modified_gmt":"2025-08-31T04:34:42","slug":"agawa-roslina-ktora-kwitnie-tylko-raz","status":"publish","type":"post","link":"https:\/\/www.milosnicylasu.olsztyn.pl\/?p=9603","title":{"rendered":"Agawa \u2013 ro\u015blina, kt\u00f3ra kwitnie tylko raz"},"content":{"rendered":"<p><a href=\"https:\/\/www.milosnicylasu.olsztyn.pl\/wp-content\/uploads\/2025\/08\/P8270006-www.jpg\" data-rel=\"lightbox-image-0\" data-magnific_type=\"image\" data-rl_title=\"\" data-rl_caption=\"\" title=\"\"><img loading=\"lazy\" decoding=\"async\" class=\"size-medium wp-image-9604 alignleft\" src=\"https:\/\/www.milosnicylasu.olsztyn.pl\/wp-content\/uploads\/2025\/08\/P8270006-www-225x300.jpg\" alt=\"\" width=\"225\" height=\"300\" srcset=\"https:\/\/www.milosnicylasu.olsztyn.pl\/wp-content\/uploads\/2025\/08\/P8270006-www-225x300.jpg 225w, https:\/\/www.milosnicylasu.olsztyn.pl\/wp-content\/uploads\/2025\/08\/P8270006-www.jpg 768w\" sizes=\"auto, (max-width: 225px) 100vw, 225px\" \/><\/a><\/p>\n<p><strong>Agawa \u2013 ro\u015blina, kt\u00f3ra kwitnie tylko raz, tym razem w Pieckach !<\/strong><\/p>\n<p><a href=\"https:\/\/www.milosnicylasu.olsztyn.pl\/wp-content\/uploads\/2025\/08\/P8270007-www-1.jpg\" data-rel=\"lightbox-image-1\" data-magnific_type=\"image\" data-rl_title=\"\" data-rl_caption=\"\" title=\"\"><img loading=\"lazy\" decoding=\"async\" class=\"size-medium wp-image-9609 alignright\" src=\"https:\/\/www.milosnicylasu.olsztyn.pl\/wp-content\/uploads\/2025\/08\/P8270007-www-1-225x300.jpg\" alt=\"\" width=\"225\" height=\"300\" srcset=\"https:\/\/www.milosnicylasu.olsztyn.pl\/wp-content\/uploads\/2025\/08\/P8270007-www-1-225x300.jpg 225w, https:\/\/www.milosnicylasu.olsztyn.pl\/wp-content\/uploads\/2025\/08\/P8270007-www-1.jpg 768w\" sizes=\"auto, (max-width: 225px) 100vw, 225px\" \/><\/a><\/p>\n<p><strong>W\u00a0rzeczywisto\u015bci agawa, przywieziona do\u00a0Europy z\u00a0Ameryki, kwitnie raz na\u00a0kilkana\u015bcie lat przez dwa miesi\u0105ce, potem umiera. Kiedy\u015b s\u0105dzono nawet, \u017ce\u00a0najpopularniejsza z\u00a0agaw, <em>Agave americana<\/em>, zakwita tylko raz na sto lat. Dlatego nazwano j\u0105 ro\u015blin\u0105 stulecia (century plant). Ale kiedy ju\u017c postanowi wyda\u0107 kwiat, nie zwleka \u2013 spomi\u0119dzy li\u015bci wystrzela \u0142odyga, rosn\u0105c w tempie nawet 45 cm dziennie! Gdy ma 6-7 metr\u00f3w, z daleka przypomina drzewo.<\/strong><\/p>\n<p>To niesamowite, \u017ce mo\u017cemy kwitn\u0105c\u0105 agaw\u0119 zobaczy\u0107 w Pieckach. Ro\u015bnie tam w towarzystwie innych agaw, ale jeszcze nie kwitn\u0105cych.<\/p>\n<p>W Pieckach tez s\u0105 wspania\u0142e lody.<\/p>\n<p><a href=\"https:\/\/www.milosnicylasu.olsztyn.pl\/wp-content\/uploads\/2025\/08\/P8270003-www.jpg\" data-rel=\"lightbox-image-2\" data-magnific_type=\"image\" data-rl_title=\"\" data-rl_caption=\"\" title=\"\"><img loading=\"lazy\" decoding=\"async\" class=\"size-medium wp-image-9606\" src=\"https:\/\/www.milosnicylasu.olsztyn.pl\/wp-content\/uploads\/2025\/08\/P8270003-www-300x225.jpg\" alt=\"\" width=\"300\" height=\"225\" srcset=\"https:\/\/www.milosnicylasu.olsztyn.pl\/wp-content\/uploads\/2025\/08\/P8270003-www-300x225.jpg 300w, https:\/\/www.milosnicylasu.olsztyn.pl\/wp-content\/uploads\/2025\/08\/P8270003-www-768x576.jpg 768w, https:\/\/www.milosnicylasu.olsztyn.pl\/wp-content\/uploads\/2025\/08\/P8270003-www.jpg 1024w\" sizes=\"auto, (max-width: 300px) 100vw, 300px\" \/><\/a><\/p>\n<p>&nbsp;<\/p>\n<p><a href=\"https:\/\/www.milosnicylasu.olsztyn.pl\/wp-content\/uploads\/2025\/08\/P8270011-www.jpg\" data-rel=\"lightbox-image-3\" data-magnific_type=\"image\" data-rl_title=\"\" data-rl_caption=\"\" title=\"\"><img loading=\"lazy\" decoding=\"async\" class=\"size-medium wp-image-9615 alignright\" src=\"https:\/\/www.milosnicylasu.olsztyn.pl\/wp-content\/uploads\/2025\/08\/P8270011-www-300x225.jpg\" alt=\"\" width=\"300\" height=\"225\" srcset=\"https:\/\/www.milosnicylasu.olsztyn.pl\/wp-content\/uploads\/2025\/08\/P8270011-www-300x225.jpg 300w, https:\/\/www.milosnicylasu.olsztyn.pl\/wp-content\/uploads\/2025\/08\/P8270011-www-768x576.jpg 768w, https:\/\/www.milosnicylasu.olsztyn.pl\/wp-content\/uploads\/2025\/08\/P8270011-www.jpg 1024w\" sizes=\"auto, (max-width: 300px) 100vw, 300px\" \/><\/a><\/p>\n<p><strong>Piecki<\/strong> \u2013wie\u015b mazurska o charakterze ma\u0142omiasteczkowym, po\u0142o\u017cona w \u00a0wojew\u00f3dztwie warmi\u0144sko -mazurskim, w powiecie\u00a0 mr\u0105gowskim. W roku 2021 we wsi mieszka\u0142o 3168 os\u00f3b.<\/p>\n<p>Miejscowo\u015b\u0107 jest siedzib\u0105 gminy Piecki, znajduje si\u0119 tu przystanek PKS, o\u015brodek zdrowia, apteka, posterunek policji, poczta, restauracja, kemping nad jez. W\u0105giel. W okolicy miejscowo\u015bci znajduj\u0105 si\u0119 \u017ar\u00f3d\u0142a rzeki Dajna. We wsi jest muzeum etnograficzne z cennymi zbiorami oraz ko\u015bci\u00f3\u0142 z 1934 r.<\/p>\n<h2>Mayahuel \u2013 legenda o agawie<\/h2>\n<p>Dawno temu, gdy \u015bwiat by\u0142 jeszcze m\u0142ody, w\u00a0niebie \u017cy\u0142a pi\u0119kna dziewczyna imieniem Mayahuel. Mieszka\u0142a z\u00a0babk\u0105, jedn\u0105 z\u00a0gwiazd-demon\u00f3w, kt\u00f3re co noc stara\u0142y si\u0119 nie dopu\u015bci\u0107 do\u00a0wschodu s\u0142o\u0144ca. Pewnego razu b\u00f3g-w\u0105\u017c, Quetzalcoatl, skusi\u0142 dziewczyn\u0119, by zesz\u0142a do\u00a0niego na\u00a0ziemi\u0119. Zaskoczywszy ich w\u00a0mi\u0142osnym u\u015bcisku, upiorna babka wezwa\u0142a inne gwiazdy-demony, a\u00a0te pochwyci\u0142y dziewczyn\u0119 i\u00a0po\u017car\u0142y. Zasmucony Quetzalcoatl zebra\u0142 szcz\u0105tki po\u00a0uczcie i\u00a0pogrzeba\u0142 w\u00a0ziemi. Wyros\u0142a z\u00a0nich dorodna maguey, agawa w\u0142a\u015bnie<\/p>\n<p>Zdj\u0119cia : Anatol Leszczy\u0144ski<\/p>\n<p>&nbsp;<\/p>\n","protected":false},"excerpt":{"rendered":"<p>Agawa \u2013 ro\u015blina, kt\u00f3ra kwitnie tylko raz, tym razem w Pieckach ! W\u00a0rzeczywisto\u015bci agawa, przywieziona do\u00a0Europy z\u00a0Ameryki, kwitnie raz na\u00a0kilkana\u015bcie lat przez dwa miesi\u0105ce, potem umiera. Kiedy\u015b s\u0105dzono nawet, \u017ce\u00a0najpopularniejsza z\u00a0agaw, Agave americana, zakwita tylko raz na sto lat. Dlatego nazwano j\u0105 ro\u015blin\u0105 stulecia (century plant). Ale kiedy ju\u017c postanowi wyda\u0107 kwiat, nie zwleka \u2013 [&hellip;]<\/p>\n","protected":false},"author":2,"featured_media":0,"comment_status":"open","ping_status":"open","sticky":false,"template":"","format":"standard","meta":{"footnotes":""},"categories":[1,9,17],"tags":[],"class_list":["post-9603","post","type-post","status-publish","format-standard","hentry","category-bez-kategorii","category-ciekawostki","category-edukacja-w-terenie"],"_links":{"self":[{"href":"https:\/\/www.milosnicylasu.olsztyn.pl\/index.php?rest_route=\/wp\/v2\/posts\/9603","targetHints":{"allow":["GET"]}}],"collection":[{"href":"https:\/\/www.milosnicylasu.olsztyn.pl\/index.php?rest_route=\/wp\/v2\/posts"}],"about":[{"href":"https:\/\/www.milosnicylasu.olsztyn.pl\/index.php?rest_route=\/wp\/v2\/types\/post"}],"author":[{"embeddable":true,"href":"https:\/\/www.milosnicylasu.olsztyn.pl\/index.php?rest_route=\/wp\/v2\/users\/2"}],"replies":[{"embeddable":true,"href":"https:\/\/www.milosnicylasu.olsztyn.pl\/index.php?rest_route=%2Fwp%2Fv2%2Fcomments&post=9603"}],"version-history":[{"count":10,"href":"https:\/\/www.milosnicylasu.olsztyn.pl\/index.php?rest_route=\/wp\/v2\/posts\/9603\/revisions"}],"predecessor-version":[{"id":9618,"href":"https:\/\/www.milosnicylasu.olsztyn.pl\/index.php?rest_route=\/wp\/v2\/posts\/9603\/revisions\/9618"}],"wp:attachment":[{"href":"https:\/\/www.milosnicylasu.olsztyn.pl\/index.php?rest_route=%2Fwp%2Fv2%2Fmedia&parent=9603"}],"wp:term":[{"taxonomy":"category","embeddable":true,"href":"https:\/\/www.milosnicylasu.olsztyn.pl\/index.php?rest_route=%2Fwp%2Fv2%2Fcategories&post=9603"},{"taxonomy":"post_tag","embeddable":true,"href":"https:\/\/www.milosnicylasu.olsztyn.pl\/index.php?rest_route=%2Fwp%2Fv2%2Ftags&post=9603"}],"curies":[{"name":"wp","href":"https:\/\/api.w.org\/{rel}","templated":true}]}}