{"id":9631,"date":"2025-09-06T07:24:20","date_gmt":"2025-09-06T05:24:20","guid":{"rendered":"https:\/\/www.milosnicylasu.olsztyn.pl\/?p=9631"},"modified":"2025-09-06T17:40:38","modified_gmt":"2025-09-06T15:40:38","slug":"zaproszenie-na-wystawe-prac-antoniego-jarczyka","status":"publish","type":"post","link":"https:\/\/www.milosnicylasu.olsztyn.pl\/?p=9631","title":{"rendered":"Zaproszenie na wystaw\u0119 prac Antoniego Jarczyka"},"content":{"rendered":"<p>Otrzymali\u015bmy informacj\u0119 od Stefani Jarczyk :<\/p>\n<p><strong><em>&#8222;Chc\u0119 te\u017c zawiadomi\u0107, \u017ce 16 09.25r o godz 16,00 w klubie Baccalarium w Kortowie odb\u0119dzie si\u0119 wystawa wspomnieniowa Antoniego z mo\u017cliwo\u015bci\u0105 zakupu prac. Doch\u00f3d ze sprzeda\u017cy zostanie przekazany Fundacji CzuliMy&#8221;<\/em><\/strong><\/p>\n<p>Wiedzieli\u015bmy wcze\u015bniej, \u017ce Rodzina Jarczyk\u00f3w szykuje tak\u0105 wystaw\u0119 &#8211; czekali\u015bmy na takie powiadomienie. Byli\u015bmy wielokrotnie na wystawach na kt\u00f3re zaprasza\u0142 nas nasz Kolega Antoni Jarczyk. Szkoda, \u017ce to ju\u017c przesz\u0142o\u015b\u0107, ale spotkajmy si\u0119 16 wrze\u015bnia. B\u0119dzie to dobra okazja do wspomnie\u0144&#8230;&#8230;&#8230;.<\/p>\n","protected":false},"excerpt":{"rendered":"<p>Otrzymali\u015bmy informacj\u0119 od Stefani Jarczyk : &#8222;Chc\u0119 te\u017c zawiadomi\u0107, \u017ce 16 09.25r o godz 16,00 w klubie Baccalarium w Kortowie odb\u0119dzie si\u0119 wystawa wspomnieniowa Antoniego z mo\u017cliwo\u015bci\u0105 zakupu prac. Doch\u00f3d ze sprzeda\u017cy zostanie przekazany Fundacji CzuliMy&#8221; Wiedzieli\u015bmy wcze\u015bniej, \u017ce Rodzina Jarczyk\u00f3w szykuje tak\u0105 wystaw\u0119 &#8211; czekali\u015bmy na takie powiadomienie. Byli\u015bmy wielokrotnie na wystawach na kt\u00f3re [&hellip;]<\/p>\n","protected":false},"author":2,"featured_media":0,"comment_status":"open","ping_status":"open","sticky":false,"template":"","format":"standard","meta":{"footnotes":""},"categories":[1,11,4],"tags":[],"class_list":["post-9631","post","type-post","status-publish","format-standard","hentry","category-bez-kategorii","category-spotkania-artystyczne","category-wystawy"],"_links":{"self":[{"href":"https:\/\/www.milosnicylasu.olsztyn.pl\/index.php?rest_route=\/wp\/v2\/posts\/9631","targetHints":{"allow":["GET"]}}],"collection":[{"href":"https:\/\/www.milosnicylasu.olsztyn.pl\/index.php?rest_route=\/wp\/v2\/posts"}],"about":[{"href":"https:\/\/www.milosnicylasu.olsztyn.pl\/index.php?rest_route=\/wp\/v2\/types\/post"}],"author":[{"embeddable":true,"href":"https:\/\/www.milosnicylasu.olsztyn.pl\/index.php?rest_route=\/wp\/v2\/users\/2"}],"replies":[{"embeddable":true,"href":"https:\/\/www.milosnicylasu.olsztyn.pl\/index.php?rest_route=%2Fwp%2Fv2%2Fcomments&post=9631"}],"version-history":[{"count":3,"href":"https:\/\/www.milosnicylasu.olsztyn.pl\/index.php?rest_route=\/wp\/v2\/posts\/9631\/revisions"}],"predecessor-version":[{"id":9634,"href":"https:\/\/www.milosnicylasu.olsztyn.pl\/index.php?rest_route=\/wp\/v2\/posts\/9631\/revisions\/9634"}],"wp:attachment":[{"href":"https:\/\/www.milosnicylasu.olsztyn.pl\/index.php?rest_route=%2Fwp%2Fv2%2Fmedia&parent=9631"}],"wp:term":[{"taxonomy":"category","embeddable":true,"href":"https:\/\/www.milosnicylasu.olsztyn.pl\/index.php?rest_route=%2Fwp%2Fv2%2Fcategories&post=9631"},{"taxonomy":"post_tag","embeddable":true,"href":"https:\/\/www.milosnicylasu.olsztyn.pl\/index.php?rest_route=%2Fwp%2Fv2%2Ftags&post=9631"}],"curies":[{"name":"wp","href":"https:\/\/api.w.org\/{rel}","templated":true}]}}