{"id":9635,"date":"2025-09-11T06:24:12","date_gmt":"2025-09-11T04:24:12","guid":{"rendered":"https:\/\/www.milosnicylasu.olsztyn.pl\/?p=9635"},"modified":"2025-09-11T06:26:42","modified_gmt":"2025-09-11T04:26:42","slug":"zaproszenie-na-spotkanie-z-adamem-geldonem-w-muzeum-przyrody","status":"publish","type":"post","link":"https:\/\/www.milosnicylasu.olsztyn.pl\/?p=9635","title":{"rendered":"Zaproszenie na spotkanie z Adamem Ge\u0142donem w Muzeum Przyrody"},"content":{"rendered":"<p>Otrzymali\u015bmy zaproszenie:<\/p>\n<p><strong>Serdecznie zapraszam na &#8222;Spotkania z przyrod\u0105&#8221; z p. Adamem Ge\u0142donem &#8211; le\u015bnikiem i przyrodnikiem, mi\u0142o\u015bnikiem i tropicielem wilk\u00f3w, w przysz\u0142\u0105 \u015brod\u0119 17.09.2025 r. o godz. 17:00.<\/strong><\/p>\n<p><strong>Cz\u0119sto informacje, kt\u00f3re do nas trafiaj\u0105 maj\u0105 jednoznaczny i krytyczny przekaz, bo oparte s\u0105 na emocjach, a nie na rzetelnej wiedzy przyrodniczej. Spotkanie z Adamem Ge\u0142donem to okazja, by lepiej zrozumie\u0107 charakter bardzo medialnego gatunku jakim jest wilk.<\/strong><\/p>\n<p><strong>Wi\u0119cej o wydarzeniu i samym prelegencie w zak\u0142adce &#8222;aktualno\u015bci&#8221; na stronie internetowej Oddzia\u0142u.<\/strong><\/p>\n<p><strong>Do zobaczenia w Przyrodzie!<\/strong><\/p>\n<p><strong>Martyna Koz\u0142owska<\/strong><\/p>\n<p>Muzeum Przyrody<br \/>\nOddzia\u0142 Muzeum Warmii i Mazur w Olsztynie<br \/>\ntel. 89 533 47 80<br \/>\n<a class=\"moz-txt-link-freetext\" href=\"https:\/\/przyroda.muzeum.olsztyn.pl\/\">https:\/\/przyroda.muzeum.olsztyn.pl\/<\/a><\/p>\n","protected":false},"excerpt":{"rendered":"<p>Otrzymali\u015bmy zaproszenie: Serdecznie zapraszam na &#8222;Spotkania z przyrod\u0105&#8221; z p. Adamem Ge\u0142donem &#8211; le\u015bnikiem i przyrodnikiem, mi\u0142o\u015bnikiem i tropicielem wilk\u00f3w, w przysz\u0142\u0105 \u015brod\u0119 17.09.2025 r. o godz. 17:00. Cz\u0119sto informacje, kt\u00f3re do nas trafiaj\u0105 maj\u0105 jednoznaczny i krytyczny przekaz, bo oparte s\u0105 na emocjach, a nie na rzetelnej wiedzy przyrodniczej. Spotkanie z Adamem Ge\u0142donem to [&hellip;]<\/p>\n","protected":false},"author":2,"featured_media":0,"comment_status":"open","ping_status":"open","sticky":false,"template":"","format":"standard","meta":{"footnotes":""},"categories":[1,9,17],"tags":[],"class_list":["post-9635","post","type-post","status-publish","format-standard","hentry","category-bez-kategorii","category-ciekawostki","category-edukacja-w-terenie"],"_links":{"self":[{"href":"https:\/\/www.milosnicylasu.olsztyn.pl\/index.php?rest_route=\/wp\/v2\/posts\/9635","targetHints":{"allow":["GET"]}}],"collection":[{"href":"https:\/\/www.milosnicylasu.olsztyn.pl\/index.php?rest_route=\/wp\/v2\/posts"}],"about":[{"href":"https:\/\/www.milosnicylasu.olsztyn.pl\/index.php?rest_route=\/wp\/v2\/types\/post"}],"author":[{"embeddable":true,"href":"https:\/\/www.milosnicylasu.olsztyn.pl\/index.php?rest_route=\/wp\/v2\/users\/2"}],"replies":[{"embeddable":true,"href":"https:\/\/www.milosnicylasu.olsztyn.pl\/index.php?rest_route=%2Fwp%2Fv2%2Fcomments&post=9635"}],"version-history":[{"count":2,"href":"https:\/\/www.milosnicylasu.olsztyn.pl\/index.php?rest_route=\/wp\/v2\/posts\/9635\/revisions"}],"predecessor-version":[{"id":9637,"href":"https:\/\/www.milosnicylasu.olsztyn.pl\/index.php?rest_route=\/wp\/v2\/posts\/9635\/revisions\/9637"}],"wp:attachment":[{"href":"https:\/\/www.milosnicylasu.olsztyn.pl\/index.php?rest_route=%2Fwp%2Fv2%2Fmedia&parent=9635"}],"wp:term":[{"taxonomy":"category","embeddable":true,"href":"https:\/\/www.milosnicylasu.olsztyn.pl\/index.php?rest_route=%2Fwp%2Fv2%2Fcategories&post=9635"},{"taxonomy":"post_tag","embeddable":true,"href":"https:\/\/www.milosnicylasu.olsztyn.pl\/index.php?rest_route=%2Fwp%2Fv2%2Ftags&post=9635"}],"curies":[{"name":"wp","href":"https:\/\/api.w.org\/{rel}","templated":true}]}}