{"id":9644,"date":"2025-09-29T20:33:06","date_gmt":"2025-09-29T18:33:06","guid":{"rendered":"https:\/\/www.milosnicylasu.olsztyn.pl\/?p=9644"},"modified":"2025-09-29T20:33:27","modified_gmt":"2025-09-29T18:33:27","slug":"spotkanie-2-pazdziernika-2025-roku","status":"publish","type":"post","link":"https:\/\/www.milosnicylasu.olsztyn.pl\/?p=9644","title":{"rendered":"Spotkanie 2 pa\u017adziernika 2025 roku"},"content":{"rendered":"<p><a href=\"https:\/\/www.milosnicylasu.olsztyn.pl\/wp-content\/uploads\/2024\/10\/P9270039-www.jpg\" data-rel=\"lightbox-image-0\" data-magnific_type=\"image\" data-rl_title=\"\" data-rl_caption=\"\" title=\"\"><img loading=\"lazy\" decoding=\"async\" class=\"size-medium wp-image-8947 alignleft\" src=\"https:\/\/www.milosnicylasu.olsztyn.pl\/wp-content\/uploads\/2024\/10\/P9270039-www-300x225.jpg\" alt=\"\" width=\"300\" height=\"225\" srcset=\"https:\/\/www.milosnicylasu.olsztyn.pl\/wp-content\/uploads\/2024\/10\/P9270039-www-300x225.jpg 300w, https:\/\/www.milosnicylasu.olsztyn.pl\/wp-content\/uploads\/2024\/10\/P9270039-www-768x576.jpg 768w, https:\/\/www.milosnicylasu.olsztyn.pl\/wp-content\/uploads\/2024\/10\/P9270039-www.jpg 1024w\" sizes=\"auto, (max-width: 300px) 100vw, 300px\" \/><\/a><\/p>\n<p><strong>\u00a0 \u00a0 \u00a0 \u00a0 Po wakacyjnej przerwie, zapraszam cz\u0142onk\u00f3w i sympatyk\u00f3w\u00a0 Ko\u0142a Mi\u0142o\u015bnik\u00f3w Lasu i Militari\u00f3w LOK w Olsztynie na zebranie 2 pa\u017adziernika 2025 r.o godzinie 15.00. Spotkanie odb\u0119dzie, si\u0119 jak zwykle, w zaprzyja\u017anionej Regionalnej Dyrekcji Las\u00f3w Pa\u0144stwowych\u00a0 w Olsztynie.\u00a0 B\u0119dziemy go\u015bci\u0107 stra\u017cnik\u00f3w le\u015bnych z Nadle\u015bnictwa Lidzbark Pana Tomasza\u00a0 Drumi\u0144skiego i Pana Jacka Jasi\u0144skiego, kt\u00f3rzy przeprowadz\u0105 zaj\u0119cia\u00a0 z udzielania pierwszej pomocy w\u00a0 nag\u0142ych przypadkach.<\/strong><\/p>\n<p><strong>prezes Ko\u0142a Anatol Leszczy\u0144ski<\/strong><\/p>\n","protected":false},"excerpt":{"rendered":"<p>\u00a0 \u00a0 \u00a0 \u00a0 Po wakacyjnej przerwie, zapraszam cz\u0142onk\u00f3w i sympatyk\u00f3w\u00a0 Ko\u0142a Mi\u0142o\u015bnik\u00f3w Lasu i Militari\u00f3w LOK w Olsztynie na zebranie 2 pa\u017adziernika 2025 r.o godzinie 15.00. Spotkanie odb\u0119dzie, si\u0119 jak zwykle, w zaprzyja\u017anionej Regionalnej Dyrekcji Las\u00f3w Pa\u0144stwowych\u00a0 w Olsztynie.\u00a0 B\u0119dziemy go\u015bci\u0107 stra\u017cnik\u00f3w le\u015bnych z Nadle\u015bnictwa Lidzbark Pana Tomasza\u00a0 Drumi\u0144skiego i Pana Jacka Jasi\u0144skiego, kt\u00f3rzy [&hellip;]<\/p>\n","protected":false},"author":2,"featured_media":0,"comment_status":"open","ping_status":"open","sticky":false,"template":"","format":"standard","meta":{"footnotes":""},"categories":[9,3],"tags":[],"class_list":["post-9644","post","type-post","status-publish","format-standard","hentry","category-ciekawostki","category-zebrania"],"_links":{"self":[{"href":"https:\/\/www.milosnicylasu.olsztyn.pl\/index.php?rest_route=\/wp\/v2\/posts\/9644","targetHints":{"allow":["GET"]}}],"collection":[{"href":"https:\/\/www.milosnicylasu.olsztyn.pl\/index.php?rest_route=\/wp\/v2\/posts"}],"about":[{"href":"https:\/\/www.milosnicylasu.olsztyn.pl\/index.php?rest_route=\/wp\/v2\/types\/post"}],"author":[{"embeddable":true,"href":"https:\/\/www.milosnicylasu.olsztyn.pl\/index.php?rest_route=\/wp\/v2\/users\/2"}],"replies":[{"embeddable":true,"href":"https:\/\/www.milosnicylasu.olsztyn.pl\/index.php?rest_route=%2Fwp%2Fv2%2Fcomments&post=9644"}],"version-history":[{"count":2,"href":"https:\/\/www.milosnicylasu.olsztyn.pl\/index.php?rest_route=\/wp\/v2\/posts\/9644\/revisions"}],"predecessor-version":[{"id":9646,"href":"https:\/\/www.milosnicylasu.olsztyn.pl\/index.php?rest_route=\/wp\/v2\/posts\/9644\/revisions\/9646"}],"wp:attachment":[{"href":"https:\/\/www.milosnicylasu.olsztyn.pl\/index.php?rest_route=%2Fwp%2Fv2%2Fmedia&parent=9644"}],"wp:term":[{"taxonomy":"category","embeddable":true,"href":"https:\/\/www.milosnicylasu.olsztyn.pl\/index.php?rest_route=%2Fwp%2Fv2%2Fcategories&post=9644"},{"taxonomy":"post_tag","embeddable":true,"href":"https:\/\/www.milosnicylasu.olsztyn.pl\/index.php?rest_route=%2Fwp%2Fv2%2Ftags&post=9644"}],"curies":[{"name":"wp","href":"https:\/\/api.w.org\/{rel}","templated":true}]}}