{"id":9662,"date":"2025-10-06T07:23:33","date_gmt":"2025-10-06T05:23:33","guid":{"rendered":"https:\/\/www.milosnicylasu.olsztyn.pl\/?p=9662"},"modified":"2025-10-06T07:42:41","modified_gmt":"2025-10-06T05:42:41","slug":"lesny-rajd-czlonkow-kola-milosnikow-lasu-i-militariow-lok-w-olsztynie","status":"publish","type":"post","link":"https:\/\/www.milosnicylasu.olsztyn.pl\/?p=9662","title":{"rendered":"Le\u015bny rajd cz\u0142onk\u00f3w Ko\u0142a Mi\u0142o\u015bnik\u00f3w Lasu i Militari\u00f3w LOK w Olsztynie"},"content":{"rendered":"<p>\u015awiat otaczaj\u0105cej nas przyrody kryje wiele tajemnic. Niejednokrotnie zachwycamy si\u0119 widokami p\u00f3l, lasu, zwierz\u0105t, czy po prostu zachodem s\u0142o\u0144ca. To w\u0142a\u015bnie te unikatowe chwile sprawiaj\u0105, \u017ce chcemy odkrywa\u0107 nowe, nieznane, tajemnicze chwile. <a href=\"https:\/\/www.milosnicylasu.olsztyn.pl\/wp-content\/uploads\/2025\/10\/DSCN8069-www.jpg\" data-rel=\"lightbox-image-0\" data-magnific_type=\"image\" data-rl_title=\"\" data-rl_caption=\"\" title=\"\"><img loading=\"lazy\" decoding=\"async\" class=\"size-medium wp-image-9663 alignleft\" src=\"https:\/\/www.milosnicylasu.olsztyn.pl\/wp-content\/uploads\/2025\/10\/DSCN8069-www-300x225.jpg\" alt=\"\" width=\"300\" height=\"225\" srcset=\"https:\/\/www.milosnicylasu.olsztyn.pl\/wp-content\/uploads\/2025\/10\/DSCN8069-www-300x225.jpg 300w, https:\/\/www.milosnicylasu.olsztyn.pl\/wp-content\/uploads\/2025\/10\/DSCN8069-www-768x576.jpg 768w, https:\/\/www.milosnicylasu.olsztyn.pl\/wp-content\/uploads\/2025\/10\/DSCN8069-www.jpg 1024w\" sizes=\"auto, (max-width: 300px) 100vw, 300px\" \/><\/a><\/p>\n<p>Sobotni rajd 4 pa\u017adziernika\u00a0 2025 roku przebiega\u0142 po lasach Nadle\u015bnictwa Kudypy w Le\u015bnictwie Stary Dw\u00f3r, kt\u00f3rego gospodarzem jest Pan Wojciech D\u0105browski. Przez kilkana\u015bcie lat w\u0119drowania odkrywali\u015bmy mn\u00f3stwo urokliwych, tajemniczych miejsc.<\/p>\n<p><a href=\"https:\/\/www.milosnicylasu.olsztyn.pl\/wp-content\/uploads\/2025\/10\/DSCN8064-www-1.jpg\" data-rel=\"lightbox-image-1\" data-magnific_type=\"image\" data-rl_title=\"\" data-rl_caption=\"\" title=\"\"><img loading=\"lazy\" decoding=\"async\" class=\"size-medium wp-image-9668 alignright\" src=\"https:\/\/www.milosnicylasu.olsztyn.pl\/wp-content\/uploads\/2025\/10\/DSCN8064-www-1-300x225.jpg\" alt=\"\" width=\"300\" height=\"225\" srcset=\"https:\/\/www.milosnicylasu.olsztyn.pl\/wp-content\/uploads\/2025\/10\/DSCN8064-www-1-300x225.jpg 300w, https:\/\/www.milosnicylasu.olsztyn.pl\/wp-content\/uploads\/2025\/10\/DSCN8064-www-1-768x576.jpg 768w, https:\/\/www.milosnicylasu.olsztyn.pl\/wp-content\/uploads\/2025\/10\/DSCN8064-www-1.jpg 1024w\" sizes=\"auto, (max-width: 300px) 100vw, 300px\" \/><\/a>W czasie rajdu, dzi\u0119ki go\u015bcinno\u015bci le\u015bnik\u00f3w mo\u017cemy odpocz\u0105\u0107 przy wiacie, kt\u00f3r\u0105 w razie potrzeby sprz\u0105tamy. Tak by\u0142o i tym razem.<\/p>\n<p><a href=\"https:\/\/www.milosnicylasu.olsztyn.pl\/wp-content\/uploads\/2025\/10\/DSCN8062-www.jpg\" data-rel=\"lightbox-image-2\" data-magnific_type=\"image\" data-rl_title=\"\" data-rl_caption=\"\" title=\"\"><img loading=\"lazy\" decoding=\"async\" class=\"size-medium wp-image-9665 alignleft\" src=\"https:\/\/www.milosnicylasu.olsztyn.pl\/wp-content\/uploads\/2025\/10\/DSCN8062-www-300x225.jpg\" alt=\"\" width=\"300\" height=\"225\" srcset=\"https:\/\/www.milosnicylasu.olsztyn.pl\/wp-content\/uploads\/2025\/10\/DSCN8062-www-300x225.jpg 300w, https:\/\/www.milosnicylasu.olsztyn.pl\/wp-content\/uploads\/2025\/10\/DSCN8062-www-768x576.jpg 768w, https:\/\/www.milosnicylasu.olsztyn.pl\/wp-content\/uploads\/2025\/10\/DSCN8062-www.jpg 1024w\" sizes=\"auto, (max-width: 300px) 100vw, 300px\" \/><\/a>Jak zwykle ognisko przygotowa\u0142 J\u00f3zek Gazda. By\u0142o imponuj\u0105ce! Dominika, wnuczka naszej Kole\u017canki Doroty Ta\u0144skiej by\u0142a zachwycona. Pozostali uczestnicy rajdu te\u017c, szczeg\u00f3lnie, \u017ce jest ju\u017c troch\u0119 zimniej i ciep\u0142y posi\u0142ek pozwoli\u0142 si\u0119 ogrza\u0107.<\/p>\n<p><a href=\"https:\/\/www.milosnicylasu.olsztyn.pl\/wp-content\/uploads\/2025\/10\/DSCN8066-www.jpg\" data-rel=\"lightbox-image-3\" data-magnific_type=\"image\" data-rl_title=\"\" data-rl_caption=\"\" title=\"\"><img loading=\"lazy\" decoding=\"async\" class=\"size-medium wp-image-9666 alignright\" src=\"https:\/\/www.milosnicylasu.olsztyn.pl\/wp-content\/uploads\/2025\/10\/DSCN8066-www-300x225.jpg\" alt=\"\" width=\"300\" height=\"225\" srcset=\"https:\/\/www.milosnicylasu.olsztyn.pl\/wp-content\/uploads\/2025\/10\/DSCN8066-www-300x225.jpg 300w, https:\/\/www.milosnicylasu.olsztyn.pl\/wp-content\/uploads\/2025\/10\/DSCN8066-www-768x576.jpg 768w, https:\/\/www.milosnicylasu.olsztyn.pl\/wp-content\/uploads\/2025\/10\/DSCN8066-www.jpg 1024w\" sizes=\"auto, (max-width: 300px) 100vw, 300px\" \/><\/a><\/p>\n","protected":false},"excerpt":{"rendered":"<p>\u015awiat otaczaj\u0105cej nas przyrody kryje wiele tajemnic. Niejednokrotnie zachwycamy si\u0119 widokami p\u00f3l, lasu, zwierz\u0105t, czy po prostu zachodem s\u0142o\u0144ca. To w\u0142a\u015bnie te unikatowe chwile sprawiaj\u0105, \u017ce chcemy odkrywa\u0107 nowe, nieznane, tajemnicze chwile. Sobotni rajd 4 pa\u017adziernika\u00a0 2025 roku przebiega\u0142 po lasach Nadle\u015bnictwa Kudypy w Le\u015bnictwie Stary Dw\u00f3r, kt\u00f3rego gospodarzem jest Pan Wojciech D\u0105browski. Przez kilkana\u015bcie [&hellip;]<\/p>\n","protected":false},"author":2,"featured_media":0,"comment_status":"open","ping_status":"open","sticky":false,"template":"","format":"standard","meta":{"footnotes":""},"categories":[1,17,2],"tags":[],"class_list":["post-9662","post","type-post","status-publish","format-standard","hentry","category-bez-kategorii","category-edukacja-w-terenie","category-rajdy"],"_links":{"self":[{"href":"https:\/\/www.milosnicylasu.olsztyn.pl\/index.php?rest_route=\/wp\/v2\/posts\/9662","targetHints":{"allow":["GET"]}}],"collection":[{"href":"https:\/\/www.milosnicylasu.olsztyn.pl\/index.php?rest_route=\/wp\/v2\/posts"}],"about":[{"href":"https:\/\/www.milosnicylasu.olsztyn.pl\/index.php?rest_route=\/wp\/v2\/types\/post"}],"author":[{"embeddable":true,"href":"https:\/\/www.milosnicylasu.olsztyn.pl\/index.php?rest_route=\/wp\/v2\/users\/2"}],"replies":[{"embeddable":true,"href":"https:\/\/www.milosnicylasu.olsztyn.pl\/index.php?rest_route=%2Fwp%2Fv2%2Fcomments&post=9662"}],"version-history":[{"count":5,"href":"https:\/\/www.milosnicylasu.olsztyn.pl\/index.php?rest_route=\/wp\/v2\/posts\/9662\/revisions"}],"predecessor-version":[{"id":9672,"href":"https:\/\/www.milosnicylasu.olsztyn.pl\/index.php?rest_route=\/wp\/v2\/posts\/9662\/revisions\/9672"}],"wp:attachment":[{"href":"https:\/\/www.milosnicylasu.olsztyn.pl\/index.php?rest_route=%2Fwp%2Fv2%2Fmedia&parent=9662"}],"wp:term":[{"taxonomy":"category","embeddable":true,"href":"https:\/\/www.milosnicylasu.olsztyn.pl\/index.php?rest_route=%2Fwp%2Fv2%2Fcategories&post=9662"},{"taxonomy":"post_tag","embeddable":true,"href":"https:\/\/www.milosnicylasu.olsztyn.pl\/index.php?rest_route=%2Fwp%2Fv2%2Ftags&post=9662"}],"curies":[{"name":"wp","href":"https:\/\/api.w.org\/{rel}","templated":true}]}}