{"id":967,"date":"2014-02-17T09:17:29","date_gmt":"2014-02-17T08:17:29","guid":{"rendered":"http:\/\/www.milosnicylasu.olsztyn.pl\/?p=967"},"modified":"2014-02-17T09:27:05","modified_gmt":"2014-02-17T08:27:05","slug":"wyjazd-do-marengo","status":"publish","type":"post","link":"https:\/\/www.milosnicylasu.olsztyn.pl\/?p=967","title":{"rendered":"Wyjazd do Marengo"},"content":{"rendered":"<p>1<a href=\"http:\/\/www.milosnicylasu.olsztyn.pl\/wp-content\/uploads\/2014\/02\/P2150001-www.jpg\" data-rel=\"lightbox-image-0\" data-magnific_type=\"image\" data-rl_title=\"\" data-rl_caption=\"\" title=\"\"><img loading=\"lazy\" decoding=\"async\" class=\"alignleft size-medium wp-image-968\" alt=\"P2150001-www\" src=\"http:\/\/www.milosnicylasu.olsztyn.pl\/wp-content\/uploads\/2014\/02\/P2150001-www-300x225.jpg\" width=\"300\" height=\"225\" srcset=\"https:\/\/www.milosnicylasu.olsztyn.pl\/wp-content\/uploads\/2014\/02\/P2150001-www-300x225.jpg 300w, https:\/\/www.milosnicylasu.olsztyn.pl\/wp-content\/uploads\/2014\/02\/P2150001-www-400x300.jpg 400w, https:\/\/www.milosnicylasu.olsztyn.pl\/wp-content\/uploads\/2014\/02\/P2150001-www.jpg 1024w\" sizes=\"auto, (max-width: 300px) 100vw, 300px\" \/><\/a>5 lutego 2014r. obchodzili\u015bmy &#8222;Walentynki&#8221; w\u00a0 Marengo. By\u0142 to ju\u017c nasz trzeci pobyt w tym o\u015brodku i trzeci wspaniale zorganizowany przez Rysi\u0119 i Micha\u0142a K\u0142\u0119bukowskich. Poprzednio dopisywa\u0142a nam \u015bnie\u017cna aura i jednym z punk\u00f3w programu imprezy by\u0142 kulig w lesie. Tym razem, temperatura + 8 stopni &#8211; fajnie, s\u0142onecznie, cieplutko, ale bez \u015bniegu, wi\u0119c by\u0142a przeja\u017cd\u017cka wozami po lesie. <a href=\"http:\/\/www.milosnicylasu.olsztyn.pl\/wp-content\/uploads\/2014\/02\/P2150008-www.jpg\" data-rel=\"lightbox-image-1\" data-magnific_type=\"image\" data-rl_title=\"\" data-rl_caption=\"\" title=\"\"><img loading=\"lazy\" decoding=\"async\" class=\"size-medium wp-image-970 alignright\" alt=\"P2150008-www\" src=\"http:\/\/www.milosnicylasu.olsztyn.pl\/wp-content\/uploads\/2014\/02\/P2150008-www-300x225.jpg\" width=\"300\" height=\"225\" srcset=\"https:\/\/www.milosnicylasu.olsztyn.pl\/wp-content\/uploads\/2014\/02\/P2150008-www-300x225.jpg 300w, https:\/\/www.milosnicylasu.olsztyn.pl\/wp-content\/uploads\/2014\/02\/P2150008-www-400x300.jpg 400w, https:\/\/www.milosnicylasu.olsztyn.pl\/wp-content\/uploads\/2014\/02\/P2150008-www.jpg 1024w\" sizes=\"auto, (max-width: 300px) 100vw, 300px\" \/><\/a>A jakie by\u0142y \u015bpiewy! Przyda\u0142y si\u0119 wsp\u00f3lne \u015bpiewania przy wiacie w Starym Dworze. Przypomnieli\u015bmy sobie teksty piosenek i \u015bpiewamy coraz wi\u0119cej zwrotek.\u00a0A po powrocie z lasu&#8230;&#8230; by\u0142o ognisko\u00a0z kie\u0142bas\u0105 oczywi\u015bcie &#8222;le\u015bn\u0105&#8221;, biesiada z pysznymi pierogami, barszczyk, napoje.\u00a0\u00a0A ile rado\u015bci by\u0142o podczas zabawy z kotylionami!<\/p>\n<p><a href=\"http:\/\/www.milosnicylasu.olsztyn.pl\/wp-content\/uploads\/2014\/02\/P2150018-www.jpg\" data-rel=\"lightbox-image-2\" data-magnific_type=\"image\" data-rl_title=\"\" data-rl_caption=\"\" title=\"\"><img loading=\"lazy\" decoding=\"async\" class=\"alignleft size-medium wp-image-972\" alt=\"P2150018-www\" src=\"http:\/\/www.milosnicylasu.olsztyn.pl\/wp-content\/uploads\/2014\/02\/P2150018-www-300x225.jpg\" width=\"300\" height=\"225\" srcset=\"https:\/\/www.milosnicylasu.olsztyn.pl\/wp-content\/uploads\/2014\/02\/P2150018-www-300x225.jpg 300w, https:\/\/www.milosnicylasu.olsztyn.pl\/wp-content\/uploads\/2014\/02\/P2150018-www-400x300.jpg 400w, https:\/\/www.milosnicylasu.olsztyn.pl\/wp-content\/uploads\/2014\/02\/P2150018-www.jpg 1024w\" sizes=\"auto, (max-width: 300px) 100vw, 300px\" \/><\/a>Losowali\u015bmy serduszka, kt\u00f3re \u0142\u0105czy\u0142y nas w pary.\u00a0 Poniewa\u017c pary musia\u0142y z sob\u0105 zata\u0144czy\u0107 najbardziej roz\u015bmieszy\u0142a nas\u00a0\u00a0para Tolka z Grzesiem.<a href=\"http:\/\/www.milosnicylasu.olsztyn.pl\/wp-content\/uploads\/2014\/02\/P2150033-www.jpg\" data-rel=\"lightbox-image-3\" data-magnific_type=\"image\" data-rl_title=\"\" data-rl_caption=\"\" title=\"\"><img loading=\"lazy\" decoding=\"async\" class=\"size-medium wp-image-975 alignright\" alt=\"P2150033-www\" src=\"http:\/\/www.milosnicylasu.olsztyn.pl\/wp-content\/uploads\/2014\/02\/P2150033-www-225x300.jpg\" width=\"225\" height=\"300\" srcset=\"https:\/\/www.milosnicylasu.olsztyn.pl\/wp-content\/uploads\/2014\/02\/P2150033-www-225x300.jpg 225w, https:\/\/www.milosnicylasu.olsztyn.pl\/wp-content\/uploads\/2014\/02\/P2150033-www-768x1024.jpg 768w, https:\/\/www.milosnicylasu.olsztyn.pl\/wp-content\/uploads\/2014\/02\/P2150033-www.jpg 1024w\" sizes=\"auto, (max-width: 225px) 100vw, 225px\" \/><\/a><\/p>\n<p>&nbsp;<\/p>\n<p>&nbsp;<\/p>\n<p>Ale ta\u0144czyli nie tylko oni, ta\u0144czyli\u015bmy wszyscy. W przerwie,\u00a0 losowali\u015bmy przygotowane przez organizator\u00f3w walentynkowe upominki. A p\u00f3\u017aniej by\u0142y znowu ta\u0144ce.<\/p>\n<p>&nbsp;<\/p>\n<p>My\u015bl\u0119, \u017ce d\u0142ugo b\u0119dziemy wspomina\u0107 nasz pobyt w Marengo. Dzi\u0119kujemy Rysi i Micha\u0142owi za \u015bwietnie, ciekawie przygotowan\u0105 imprez\u0119. Mamy nadziej\u0119, \u017ce doczekamy si\u0119 kolejnej &#8211; bo przecie\u017c s\u0105 bezkonkurencyjni. Mo\u017ce za rok? A mo\u017ce wcze\u015bniej? A za ju\u017c DZI\u0118KUJEMY!<\/p>\n","protected":false},"excerpt":{"rendered":"<p>15 lutego 2014r. obchodzili\u015bmy &#8222;Walentynki&#8221; w\u00a0 Marengo. By\u0142 to ju\u017c nasz trzeci pobyt w tym o\u015brodku i trzeci wspaniale zorganizowany przez Rysi\u0119 i Micha\u0142a K\u0142\u0119bukowskich. Poprzednio dopisywa\u0142a nam \u015bnie\u017cna aura i jednym z punk\u00f3w programu imprezy by\u0142 kulig w lesie. Tym razem, temperatura + 8 stopni &#8211; fajnie, s\u0142onecznie, cieplutko, ale bez \u015bniegu, wi\u0119c by\u0142a [&hellip;]<\/p>\n","protected":false},"author":1,"featured_media":0,"comment_status":"open","ping_status":"open","sticky":false,"template":"","format":"standard","meta":{"footnotes":""},"categories":[1,2,5],"tags":[],"class_list":["post-967","post","type-post","status-publish","format-standard","hentry","category-bez-kategorii","category-rajdy","category-wycieczki"],"_links":{"self":[{"href":"https:\/\/www.milosnicylasu.olsztyn.pl\/index.php?rest_route=\/wp\/v2\/posts\/967","targetHints":{"allow":["GET"]}}],"collection":[{"href":"https:\/\/www.milosnicylasu.olsztyn.pl\/index.php?rest_route=\/wp\/v2\/posts"}],"about":[{"href":"https:\/\/www.milosnicylasu.olsztyn.pl\/index.php?rest_route=\/wp\/v2\/types\/post"}],"author":[{"embeddable":true,"href":"https:\/\/www.milosnicylasu.olsztyn.pl\/index.php?rest_route=\/wp\/v2\/users\/1"}],"replies":[{"embeddable":true,"href":"https:\/\/www.milosnicylasu.olsztyn.pl\/index.php?rest_route=%2Fwp%2Fv2%2Fcomments&post=967"}],"version-history":[{"count":4,"href":"https:\/\/www.milosnicylasu.olsztyn.pl\/index.php?rest_route=\/wp\/v2\/posts\/967\/revisions"}],"predecessor-version":[{"id":978,"href":"https:\/\/www.milosnicylasu.olsztyn.pl\/index.php?rest_route=\/wp\/v2\/posts\/967\/revisions\/978"}],"wp:attachment":[{"href":"https:\/\/www.milosnicylasu.olsztyn.pl\/index.php?rest_route=%2Fwp%2Fv2%2Fmedia&parent=967"}],"wp:term":[{"taxonomy":"category","embeddable":true,"href":"https:\/\/www.milosnicylasu.olsztyn.pl\/index.php?rest_route=%2Fwp%2Fv2%2Fcategories&post=967"},{"taxonomy":"post_tag","embeddable":true,"href":"https:\/\/www.milosnicylasu.olsztyn.pl\/index.php?rest_route=%2Fwp%2Fv2%2Ftags&post=967"}],"curies":[{"name":"wp","href":"https:\/\/api.w.org\/{rel}","templated":true}]}}