{"id":9687,"date":"2025-10-20T07:27:45","date_gmt":"2025-10-20T05:27:45","guid":{"rendered":"https:\/\/www.milosnicylasu.olsztyn.pl\/?p=9687"},"modified":"2025-10-20T07:44:11","modified_gmt":"2025-10-20T05:44:11","slug":"zyczenia-urodzinowe-dla-zuzi","status":"publish","type":"post","link":"https:\/\/www.milosnicylasu.olsztyn.pl\/?p=9687","title":{"rendered":"\u017byczenia urodzinowe dla Zuzi"},"content":{"rendered":"<header class=\"entry-header\"><\/header>\n<div class=\"entry-meta\">\n<div class=\"entry-meta-elements\">\n<p>Najm\u0142odszym Cz\u0142onkiem Ko\u0142a Mi\u0142o\u015bnik\u00f3w Lasu i Militari\u00f3w LOK w Olsztynie jest Zuzia D\u0105browska. Jest nasz\u0105 gwiazdeczk\u0105, pogodna, u\u015bmiechni\u0119ta, ch\u0119tnie uczestniczy w le\u015bnych imprezach organizowanych przez Ko\u0142o. W tym roku ko\u0144czy 8 lat.<a href=\"https:\/\/www.milosnicylasu.olsztyn.pl\/wp-content\/uploads\/2025\/10\/PA160005-www.jpg\" data-rel=\"lightbox-image-0\" data-magnific_type=\"image\" data-rl_title=\"\" data-rl_caption=\"\" title=\"\"><img loading=\"lazy\" decoding=\"async\" class=\"size-medium wp-image-9688\" src=\"https:\/\/www.milosnicylasu.olsztyn.pl\/wp-content\/uploads\/2025\/10\/PA160005-www-225x300.jpg\" alt=\"\" width=\"225\" height=\"300\" srcset=\"https:\/\/www.milosnicylasu.olsztyn.pl\/wp-content\/uploads\/2025\/10\/PA160005-www-225x300.jpg 225w, https:\/\/www.milosnicylasu.olsztyn.pl\/wp-content\/uploads\/2025\/10\/PA160005-www.jpg 768w\" sizes=\"auto, (max-width: 225px) 100vw, 225px\" \/><\/a><\/p>\n<\/div>\n<\/div>\n<div class=\"entry-content bloghash-entry\">\n<p>Urodziny Zuzi to czas, by podarowa\u0107 jej wyj\u0105tkowe \u017cyczenia. <a href=\"https:\/\/www.milosnicylasu.olsztyn.pl\/wp-content\/uploads\/2025\/10\/DSCN8093-www.jpg\" data-rel=\"lightbox-image-1\" data-magnific_type=\"image\" data-rl_title=\"\" data-rl_caption=\"\" title=\"\"><img loading=\"lazy\" decoding=\"async\" class=\"size-medium wp-image-9689 alignright\" src=\"https:\/\/www.milosnicylasu.olsztyn.pl\/wp-content\/uploads\/2025\/10\/DSCN8093-www-225x300.jpg\" alt=\"\" width=\"225\" height=\"300\" srcset=\"https:\/\/www.milosnicylasu.olsztyn.pl\/wp-content\/uploads\/2025\/10\/DSCN8093-www-225x300.jpg 225w, https:\/\/www.milosnicylasu.olsztyn.pl\/wp-content\/uploads\/2025\/10\/DSCN8093-www.jpg 768w\" sizes=\"auto, (max-width: 225px) 100vw, 225px\" \/><\/a><\/p>\n<p>\u017byczymy Ci, Zuziu, aby\u015b by\u0142a zawsze zdrowa i szcz\u0119\u015bliwa. Niech ka\u017cdy nowy dzie\u0144 przynosi Ci wspania\u0142e chwile i otacza ci\u0119 mi\u0142o\u015b\u0107 bliskich. Twoje urodziny to moment, by przypomnie\u0107 Ci, jak jeste\u015b wyj\u0105tkowa.<\/p>\n<p>Marzymy, aby wszystkie Twoje sny si\u0119 spe\u0142ni\u0142y. Niech ka\u017cda chwila obfituje w szcz\u0119\u015bcie i sukcesy. Twoje urodziny s\u0105 dla nas wa\u017cnym dniem pe\u0142nym ciep\u0142a i troski o Ciebie.<a href=\"https:\/\/www.milosnicylasu.olsztyn.pl\/wp-content\/uploads\/2025\/10\/DSCN8094-www.jpg\" data-rel=\"lightbox-image-2\" data-magnific_type=\"image\" data-rl_title=\"\" data-rl_caption=\"\" title=\"\"><img loading=\"lazy\" decoding=\"async\" class=\"size-medium wp-image-9690 alignleft\" src=\"https:\/\/www.milosnicylasu.olsztyn.pl\/wp-content\/uploads\/2025\/10\/DSCN8094-www-300x225.jpg\" alt=\"\" width=\"300\" height=\"225\" srcset=\"https:\/\/www.milosnicylasu.olsztyn.pl\/wp-content\/uploads\/2025\/10\/DSCN8094-www-300x225.jpg 300w, https:\/\/www.milosnicylasu.olsztyn.pl\/wp-content\/uploads\/2025\/10\/DSCN8094-www-768x576.jpg 768w, https:\/\/www.milosnicylasu.olsztyn.pl\/wp-content\/uploads\/2025\/10\/DSCN8094-www.jpg 1024w\" sizes=\"auto, (max-width: 300px) 100vw, 300px\" \/><\/a><\/p>\n<\/div>\n","protected":false},"excerpt":{"rendered":"<p>Najm\u0142odszym Cz\u0142onkiem Ko\u0142a Mi\u0142o\u015bnik\u00f3w Lasu i Militari\u00f3w LOK w Olsztynie jest Zuzia D\u0105browska. Jest nasz\u0105 gwiazdeczk\u0105, pogodna, u\u015bmiechni\u0119ta, ch\u0119tnie uczestniczy w le\u015bnych imprezach organizowanych przez Ko\u0142o. W tym roku ko\u0144czy 8 lat. Urodziny Zuzi to czas, by podarowa\u0107 jej wyj\u0105tkowe \u017cyczenia. \u017byczymy Ci, Zuziu, aby\u015b by\u0142a zawsze zdrowa i szcz\u0119\u015bliwa. Niech ka\u017cdy nowy dzie\u0144 przynosi [&hellip;]<\/p>\n","protected":false},"author":2,"featured_media":0,"comment_status":"open","ping_status":"open","sticky":false,"template":"","format":"standard","meta":{"footnotes":""},"categories":[1,9,6],"tags":[],"class_list":["post-9687","post","type-post","status-publish","format-standard","hentry","category-bez-kategorii","category-ciekawostki","category-odznaczenia"],"_links":{"self":[{"href":"https:\/\/www.milosnicylasu.olsztyn.pl\/index.php?rest_route=\/wp\/v2\/posts\/9687","targetHints":{"allow":["GET"]}}],"collection":[{"href":"https:\/\/www.milosnicylasu.olsztyn.pl\/index.php?rest_route=\/wp\/v2\/posts"}],"about":[{"href":"https:\/\/www.milosnicylasu.olsztyn.pl\/index.php?rest_route=\/wp\/v2\/types\/post"}],"author":[{"embeddable":true,"href":"https:\/\/www.milosnicylasu.olsztyn.pl\/index.php?rest_route=\/wp\/v2\/users\/2"}],"replies":[{"embeddable":true,"href":"https:\/\/www.milosnicylasu.olsztyn.pl\/index.php?rest_route=%2Fwp%2Fv2%2Fcomments&post=9687"}],"version-history":[{"count":2,"href":"https:\/\/www.milosnicylasu.olsztyn.pl\/index.php?rest_route=\/wp\/v2\/posts\/9687\/revisions"}],"predecessor-version":[{"id":9692,"href":"https:\/\/www.milosnicylasu.olsztyn.pl\/index.php?rest_route=\/wp\/v2\/posts\/9687\/revisions\/9692"}],"wp:attachment":[{"href":"https:\/\/www.milosnicylasu.olsztyn.pl\/index.php?rest_route=%2Fwp%2Fv2%2Fmedia&parent=9687"}],"wp:term":[{"taxonomy":"category","embeddable":true,"href":"https:\/\/www.milosnicylasu.olsztyn.pl\/index.php?rest_route=%2Fwp%2Fv2%2Fcategories&post=9687"},{"taxonomy":"post_tag","embeddable":true,"href":"https:\/\/www.milosnicylasu.olsztyn.pl\/index.php?rest_route=%2Fwp%2Fv2%2Ftags&post=9687"}],"curies":[{"name":"wp","href":"https:\/\/api.w.org\/{rel}","templated":true}]}}