{"id":9693,"date":"2025-10-20T10:37:56","date_gmt":"2025-10-20T08:37:56","guid":{"rendered":"https:\/\/www.milosnicylasu.olsztyn.pl\/?p=9693"},"modified":"2025-10-20T10:41:25","modified_gmt":"2025-10-20T08:41:25","slug":"jesien-czas-zadumy","status":"publish","type":"post","link":"https:\/\/www.milosnicylasu.olsztyn.pl\/?p=9693","title":{"rendered":"Jesie\u0144 &#8211; czas zadumy"},"content":{"rendered":"<p>Przesilenie jesienne to czas zadumy i marze\u0144. Opadaj\u0105ce li\u015bcie, \u015bwiat sk\u0105pany w z\u0142ocie i czerwieni nastraja nas nostalgicznie na t\u0119 wyj\u0105tkow\u0105 por\u0119 roku. To dobry moment na magiczne jesienne wiersze<strong>\u00a0<\/strong>\u2013 wyj\u0105tkowe , kt\u00f3re pomog\u0105 jeszcze bardziej nacieszy\u0107 si\u0119 pe\u0142nym ciep\u0142ej atmosfery schy\u0142kiem roku.<a href=\"https:\/\/www.milosnicylasu.olsztyn.pl\/wp-content\/uploads\/2025\/10\/www.jpg\" data-rel=\"lightbox-image-0\" data-magnific_type=\"image\" data-rl_title=\"\" data-rl_caption=\"\" title=\"\"><img loading=\"lazy\" decoding=\"async\" class=\"size-medium wp-image-9697 alignleft\" src=\"https:\/\/www.milosnicylasu.olsztyn.pl\/wp-content\/uploads\/2025\/10\/www-300x225.jpg\" alt=\"\" width=\"300\" height=\"225\" srcset=\"https:\/\/www.milosnicylasu.olsztyn.pl\/wp-content\/uploads\/2025\/10\/www-300x225.jpg 300w, https:\/\/www.milosnicylasu.olsztyn.pl\/wp-content\/uploads\/2025\/10\/www-768x576.jpg 768w, https:\/\/www.milosnicylasu.olsztyn.pl\/wp-content\/uploads\/2025\/10\/www.jpg 1024w\" sizes=\"auto, (max-width: 300px) 100vw, 300px\" \/><\/a><\/p>\n<p>&nbsp;<\/p>\n<p><strong>Bursztynowy ptaszek \u2014 Tadeusz R\u00f3\u017cewicz<\/strong><\/p>\n<p>Je\u00adsie\u0144<\/p>\n<p>pta\u00adszek bursz\u00adty\u00adno\u00adwy<\/p>\n<p>przej\u00adrzy\u00adsty<\/p>\n<p>z ga\u00ad\u0142\u0105z\u00adki na ga\u00ad\u0142\u0105z\u00adk\u0119<\/p>\n<p>nosi kro\u00adpl\u0119 z\u0142o\u00adta.<\/p>\n<p>&nbsp;<\/p>\n<p>Je\u00adsie\u0144<\/p>\n<p>pta\u00adszek ru\u00adbi\u00adno\u00adwy<\/p>\n<p>\u015bwie\u00adtli\u00adsty<\/p>\n<p>z ga\u00ad\u0142\u0105z\u00adki na ga\u00ad\u0142\u0105z\u00adk\u0119<\/p>\n<p>nosi kro\u00adpl\u0119 krwi.<\/p>\n<p>&nbsp;<\/p>\n<p>Je\u00adsie\u0144<\/p>\n<p>pta\u00adszek la\u00adzu\u00adro\u00adwy<\/p>\n<p>umie\u00adra<\/p>\n<p>z ga\u00ad\u0142\u0105z\u00adki na ga\u00ad\u0142\u0105z\u00adk\u0119<\/p>\n<p>kro\u00adpla desz\u00adczu spa\u00adda.<\/p>\n<p><a href=\"https:\/\/www.milosnicylasu.olsztyn.pl\/wp-content\/uploads\/2025\/10\/PA100002-www.jpg\" data-rel=\"lightbox-image-1\" data-magnific_type=\"image\" data-rl_title=\"\" data-rl_caption=\"\" title=\"\"><img loading=\"lazy\" decoding=\"async\" class=\"size-medium wp-image-9695 alignleft\" src=\"https:\/\/www.milosnicylasu.olsztyn.pl\/wp-content\/uploads\/2025\/10\/PA100002-www-300x225.jpg\" alt=\"\" width=\"300\" height=\"225\" srcset=\"https:\/\/www.milosnicylasu.olsztyn.pl\/wp-content\/uploads\/2025\/10\/PA100002-www-300x225.jpg 300w, https:\/\/www.milosnicylasu.olsztyn.pl\/wp-content\/uploads\/2025\/10\/PA100002-www-768x576.jpg 768w, https:\/\/www.milosnicylasu.olsztyn.pl\/wp-content\/uploads\/2025\/10\/PA100002-www.jpg 1024w\" sizes=\"auto, (max-width: 300px) 100vw, 300px\" \/><\/a><\/p>\n<p>&nbsp;<\/p>\n<p><strong>Wspomnienie \u2014 Julian Tuwim\u00a0\u00a0<\/strong><\/p>\n<p>Mimozami jesie\u0144 si\u0119 zaczyna,<\/p>\n<p>z\u0142otawa, krucha i mi\u0142a,<\/p>\n<p>To ty, to ty jeste\u015b ta dziewczyna,<\/p>\n<p>kt\u00f3ra do mnie na ulic\u0119 wychodzi\u0142a.<\/p>\n<p>Od twoich list\u00f3w pachnia\u0142o w sieni,<\/p>\n<p>gdym wraca\u0142 zdyszany ze szko\u0142y,<\/p>\n<p>a po ulicach w lekkiej jesieni<\/p>\n<p>fruwa\u0142y za mn\u0105 jasne anio\u0142y.<\/p>\n<p>Mimozami zwi\u0119d\u0142o\u015b\u0107 przypomina<\/p>\n<p>nie\u015bmiertelnik \u017c\u00f3\u0142ty &#8211; pa\u017adziernik.<\/p>\n<p>To ty, to ty, moja jedyna,<\/p>\n<p>przychodzi\u0142a\u015b wieczorem do cukierni.<\/p>\n<p>Z przemodlenia, z przeomdlenia senny,<\/p>\n<p>w parku p\u0142aka\u0142em szeptanymi s\u0142owy.<\/p>\n<p>Ksi\u0119\u017cyc z chmurek prze\u015bwitywa\u0142 jesienny,<\/p>\n<p>od mimozy z\u0142otej majowy.<\/p>\n<p>Ach czu\u0142ymi, przemi\u0142ymi snami<\/p>\n<p>zasypia\u0142em z nim gasn\u0105cym o poranku,<\/p>\n<p>w snach dawnymi bawi\u0105c si\u0119 wiosnami,<\/p>\n<p>jak ta z\u0142ota, jak ta wonna wi\u0105zanka.<\/p>\n<p>&nbsp;<\/p>\n<p><strong> <a href=\"https:\/\/www.milosnicylasu.olsztyn.pl\/wp-content\/uploads\/2025\/10\/DSCN8099-www.jpg\" data-rel=\"lightbox-image-2\" data-magnific_type=\"image\" data-rl_title=\"\" data-rl_caption=\"\" title=\"\"><img loading=\"lazy\" decoding=\"async\" class=\"size-medium wp-image-9699 alignleft\" src=\"https:\/\/www.milosnicylasu.olsztyn.pl\/wp-content\/uploads\/2025\/10\/DSCN8099-www-300x225.jpg\" alt=\"\" width=\"300\" height=\"225\" srcset=\"https:\/\/www.milosnicylasu.olsztyn.pl\/wp-content\/uploads\/2025\/10\/DSCN8099-www-300x225.jpg 300w, https:\/\/www.milosnicylasu.olsztyn.pl\/wp-content\/uploads\/2025\/10\/DSCN8099-www-768x576.jpg 768w, https:\/\/www.milosnicylasu.olsztyn.pl\/wp-content\/uploads\/2025\/10\/DSCN8099-www.jpg 1024w\" sizes=\"auto, (max-width: 300px) 100vw, 300px\" \/><\/a>K<\/strong><strong>apu\u015bniaczek \u2014 Julian Tuwim\u00a0<\/strong><\/p>\n<p>Jak weso\u0142y milion drobnych wilgnych muszek,<\/p>\n<p>jakby z work\u00f3w szarych mokry, m\u017c\u0105cy maczek,<\/p>\n<p>sypie si\u0119 i skacze d\u017cd\u017cu wodnisty puszek,<\/p>\n<p>ro\u015bny py\u0142 jesienny, siwy kapu\u015bniaczek.<\/p>\n<p>S\u0142abe to, male\u0144kie, ledwo samo kropi,<\/p>\n<p>nawet w blachy b\u0119bni\u0107 nie potrafi jeszcze,<\/p>\n<p>ot, m\u0142odziutki deszczyk, fruwaj\u0105ce kropki,<\/p>\n<p>co by strasznie chcia\u0142y by\u0107 doros\u0142ym deszczem.<\/p>\n<p>Chcia\u0142yby ulew\u0105 lun\u0105\u0107 w gromkiej burzy,<\/p>\n<p>miasto siec na ukos chlustaj\u0105c\u0105 ch\u0142ost\u0105,<\/p>\n<p>w rynnach si\u0119 rozpluska\u0107, rozla\u0107 si\u0119 w ka\u0142u\u017cy,<\/p>\n<p>szyby dzioba\u0107 \u0142zaw\u0105 i zawi\u0142\u0105 osp\u0105&#8230;<\/p>\n<p>Tak to sobie marzy kapanina biedna,<\/p>\n<p>si\u0142 ostatkiem pusz\u0105c si\u0119 w ostatnim deszczu&#8230;<\/p>\n<p>Lecz c\u00f3\u017c? Sp\u00f3jrz: na drucie je\u017adzi kropla jedna,<\/p>\n<p>ju\u017c j\u0105 wr\u00f3bel strz\u0105sn\u0105\u0142. Ju\u017c po ca\u0142ym deszczu.<\/p>\n<p><a href=\"https:\/\/www.milosnicylasu.olsztyn.pl\/wp-content\/uploads\/2025\/10\/DSCN8092-www.jpg\" data-rel=\"lightbox-image-3\" data-magnific_type=\"image\" data-rl_title=\"\" data-rl_caption=\"\" title=\"\"><img loading=\"lazy\" decoding=\"async\" class=\"size-medium wp-image-9694 alignleft\" src=\"https:\/\/www.milosnicylasu.olsztyn.pl\/wp-content\/uploads\/2025\/10\/DSCN8092-www-300x225.jpg\" alt=\"\" width=\"300\" height=\"225\" srcset=\"https:\/\/www.milosnicylasu.olsztyn.pl\/wp-content\/uploads\/2025\/10\/DSCN8092-www-300x225.jpg 300w, https:\/\/www.milosnicylasu.olsztyn.pl\/wp-content\/uploads\/2025\/10\/DSCN8092-www-768x576.jpg 768w, https:\/\/www.milosnicylasu.olsztyn.pl\/wp-content\/uploads\/2025\/10\/DSCN8092-www.jpg 1024w\" sizes=\"auto, (max-width: 300px) 100vw, 300px\" \/><\/a><\/p>\n<p><strong>Pani Jesie\u0144 \u2014 Zofia D\u0105browska<\/strong><\/p>\n<p>Przeszed\u0142 sobie dawno<\/p>\n<p>\u015bliczny, z\u0142oty wrzesie\u0144&#8230;<\/p>\n<p>Teraz nam pa\u017adziernik<\/p>\n<p>Da\u0142a pani jesie\u0144&#8230;<\/p>\n<p>&nbsp;<\/p>\n<p>S\u0142ono takie \u015bpi\u0105ce,<\/p>\n<p>coraz p\u00f3\u017aniej wstaje,<\/p>\n<p>Ptaszki odlatuj\u0105,<\/p>\n<p>hen, w dalekie kraje.<\/p>\n<p>&nbsp;<\/p>\n<p>W cieniu, pod drzewami<\/p>\n<p>cicho \u015bpi\u0105 kasztany,<\/p>\n<p>ka\u017cdy b\u0142yszczy pi\u0119knie,<\/p>\n<p>niby malowany.<\/p>\n<p>&nbsp;<\/p>\n<p>Lec\u0105 li\u015bcie z drzewa<\/p>\n<p>r\u00f3\u017cnokolorowe,<\/p>\n<p>te s\u0105 \u017c\u00f3\u0142to \u2013 z\u0142ote,<\/p>\n<p>a tamte \u2013 br\u0105zowe.<\/p>\n<p>&nbsp;<\/p>\n<p>Jeszcze niby ciep\u0142o,<\/p>\n<p>s\u0142onko \u015bwieci, grzeje&#8230;<\/p>\n<p>a\u017c tu nagle sk\u0105dej\u015b<\/p>\n<p>wichrzysko zawieje.<\/p>\n<p>&nbsp;<\/p>\n<p>Chmur wielkich deszczowych<\/p>\n<p>nazbiera, nap\u0119dzi&#8230;<\/p>\n<p>tak si\u0119 pan listopad<\/p>\n<p>nauwija wsz\u0119dzie<\/p>\n","protected":false},"excerpt":{"rendered":"<p>Przesilenie jesienne to czas zadumy i marze\u0144. Opadaj\u0105ce li\u015bcie, \u015bwiat sk\u0105pany w z\u0142ocie i czerwieni nastraja nas nostalgicznie na t\u0119 wyj\u0105tkow\u0105 por\u0119 roku. To dobry moment na magiczne jesienne wiersze\u00a0\u2013 wyj\u0105tkowe , kt\u00f3re pomog\u0105 jeszcze bardziej nacieszy\u0107 si\u0119 pe\u0142nym ciep\u0142ej atmosfery schy\u0142kiem roku. &nbsp; Bursztynowy ptaszek \u2014 Tadeusz R\u00f3\u017cewicz Je\u00adsie\u0144 pta\u00adszek bursz\u00adty\u00adno\u00adwy przej\u00adrzy\u00adsty z ga\u00ad\u0142\u0105z\u00adki [&hellip;]<\/p>\n","protected":false},"author":2,"featured_media":0,"comment_status":"open","ping_status":"open","sticky":false,"template":"","format":"standard","meta":{"footnotes":""},"categories":[1,9,17],"tags":[],"class_list":["post-9693","post","type-post","status-publish","format-standard","hentry","category-bez-kategorii","category-ciekawostki","category-edukacja-w-terenie"],"_links":{"self":[{"href":"https:\/\/www.milosnicylasu.olsztyn.pl\/index.php?rest_route=\/wp\/v2\/posts\/9693","targetHints":{"allow":["GET"]}}],"collection":[{"href":"https:\/\/www.milosnicylasu.olsztyn.pl\/index.php?rest_route=\/wp\/v2\/posts"}],"about":[{"href":"https:\/\/www.milosnicylasu.olsztyn.pl\/index.php?rest_route=\/wp\/v2\/types\/post"}],"author":[{"embeddable":true,"href":"https:\/\/www.milosnicylasu.olsztyn.pl\/index.php?rest_route=\/wp\/v2\/users\/2"}],"replies":[{"embeddable":true,"href":"https:\/\/www.milosnicylasu.olsztyn.pl\/index.php?rest_route=%2Fwp%2Fv2%2Fcomments&post=9693"}],"version-history":[{"count":3,"href":"https:\/\/www.milosnicylasu.olsztyn.pl\/index.php?rest_route=\/wp\/v2\/posts\/9693\/revisions"}],"predecessor-version":[{"id":9701,"href":"https:\/\/www.milosnicylasu.olsztyn.pl\/index.php?rest_route=\/wp\/v2\/posts\/9693\/revisions\/9701"}],"wp:attachment":[{"href":"https:\/\/www.milosnicylasu.olsztyn.pl\/index.php?rest_route=%2Fwp%2Fv2%2Fmedia&parent=9693"}],"wp:term":[{"taxonomy":"category","embeddable":true,"href":"https:\/\/www.milosnicylasu.olsztyn.pl\/index.php?rest_route=%2Fwp%2Fv2%2Fcategories&post=9693"},{"taxonomy":"post_tag","embeddable":true,"href":"https:\/\/www.milosnicylasu.olsztyn.pl\/index.php?rest_route=%2Fwp%2Fv2%2Ftags&post=9693"}],"curies":[{"name":"wp","href":"https:\/\/api.w.org\/{rel}","templated":true}]}}