{"id":9713,"date":"2025-11-03T16:45:08","date_gmt":"2025-11-03T15:45:08","guid":{"rendered":"https:\/\/www.milosnicylasu.olsztyn.pl\/?p=9713"},"modified":"2025-11-03T16:51:32","modified_gmt":"2025-11-03T15:51:32","slug":"zawiadomienie-zebranie-6-listopada-2025","status":"publish","type":"post","link":"https:\/\/www.milosnicylasu.olsztyn.pl\/?p=9713","title":{"rendered":"Zawiadomienie &#8211; Zebranie 6 listopada 2025"},"content":{"rendered":"<p>ZAWIADOMIENIE<\/p>\n<p><strong>\u00a0\u00a0\u00a0\u00a0\u00a0\u00a0\u00a0\u00a0\u00a0\u00a0\u00a0\u00a0\u00a0\u00a0\u00a0 W DNIU 06.11.2025r. W SALI KONFERENCYJNEJ RDLP W OLSZTYNIE, ODB\u0118DZIE SI\u0118 <\/strong><\/p>\n<p><strong>\u00a0\u00a0\u00a0\u00a0\u00a0\u00a0\u00a0\u00a0\u00a0\u00a0\u00a0\u00a0\u00a0\u00a0\u00a0\u00a0\u00a0\u00a0\u00a0\u00a0\u00a0\u00a0\u00a0\u00a0\u00a0\u00a0\u00a0\u00a0\u00a0\u00a0\u00a0\u00a0\u00a0\u00a0\u00a0 WALNE ZEBRANIE SPRAWOZDAWCZO \u2013WYBORCZE<\/strong><\/p>\n<p>Porz\u0105dek obrad Walnego Zebrania Sprawozdawczo \u2013 Wyborczego<\/p>\n<p>w I \u2013szym terminie godz. 15,00<\/p>\n<p>W przypadku braku wymaganej ilo\u015bci cz\u0142onk\u00f3w Ko\u0142a, Walne Zebranie odb\u0119dzie si\u0119<\/p>\n<p>w II \u2013 gim terminie o godz. 15,15.<\/p>\n<p>Zgodnie z rozdzia\u0142em IV pkt. 5 Statutu Ligi Obrony Kraju Walne Zebranie odbyte w II \u2013 gim terminie s\u0105 wa\u017cne bez wzgl\u0119du na liczb\u0119 cz\u0142onk\u00f3w ko\u0142a obecnych na zebraniu.<\/p>\n<p><strong>Proponowany porz\u0105dek obrad.<\/strong><\/p>\n<ol>\n<li>Otwarcie zebrania.<\/li>\n<li>Wyb\u00f3r Przewodnicz\u0105cego i Prezydium Zebrania.<\/li>\n<li>Zatwierdzenie porz\u0105dku obrad.<\/li>\n<li>Wyb\u00f3r sekretarza zebrania.<\/li>\n<li>Wyb\u00f3r Komisji Mandatowej, Komisji Skrutacyjnej, Komisji Wyborczej, Komisji Uchwa\u0142 i Wniosk\u00f3w.<\/li>\n<li>Sprawozdanie Komisji Mandatowej stwierdzaj\u0105cej prawomocno\u015b\u0107 obrad.<\/li>\n<li>Sprawozdanie Zarz\u0105du Ko\u0142a z dzia\u0142alno\u015bci.<\/li>\n<li>Dyskusja<\/li>\n<li>Zatwierdzenie sprawozdania z dzia\u0142alno\u015bci Zarz\u0105du i udzielenie absolutorium ust\u0119puj\u0105cemu Zarz\u0105dowi Ko\u0142a.<\/li>\n<li>Wybory: -wyb\u00f3r Prezesa Ko\u0142a, -Wyb\u00f3r Zarz\u0105du Ko\u0142a<\/li>\n<li>Podj\u0119cie uchwa\u0142.<\/li>\n<li>Wyb\u00f3r Delegat\u00f3w na Walne Zebranie sprawozdawczo \u2013 Wyborcze Powiatowego Zarz\u0105du LOK w Olsztynie.<\/li>\n<li>Sprawy r\u00f3\u017cne.<\/li>\n<li>Zako\u0144czenie obrad.<\/li>\n<\/ol>\n<p>Zarz\u0105d Ko\u0142a Mi\u0142o\u015bnik\u00f3w Lasu i Militari\u00f3w<\/p>\n<p>LOK przy ATW w Olsztynie.<\/p>\n<p>&nbsp;<\/p>\n<p>&nbsp;<\/p>\n","protected":false},"excerpt":{"rendered":"<p>ZAWIADOMIENIE \u00a0\u00a0\u00a0\u00a0\u00a0\u00a0\u00a0\u00a0\u00a0\u00a0\u00a0\u00a0\u00a0\u00a0\u00a0 W DNIU 06.11.2025r. W SALI KONFERENCYJNEJ RDLP W OLSZTYNIE, ODB\u0118DZIE SI\u0118 \u00a0\u00a0\u00a0\u00a0\u00a0\u00a0\u00a0\u00a0\u00a0\u00a0\u00a0\u00a0\u00a0\u00a0\u00a0\u00a0\u00a0\u00a0\u00a0\u00a0\u00a0\u00a0\u00a0\u00a0\u00a0\u00a0\u00a0\u00a0\u00a0\u00a0\u00a0\u00a0\u00a0\u00a0\u00a0 WALNE ZEBRANIE SPRAWOZDAWCZO \u2013WYBORCZE Porz\u0105dek obrad Walnego Zebrania Sprawozdawczo \u2013 Wyborczego w I \u2013szym terminie godz. 15,00 W przypadku braku wymaganej ilo\u015bci cz\u0142onk\u00f3w Ko\u0142a, Walne Zebranie odb\u0119dzie si\u0119 w II \u2013 gim terminie o godz. 15,15. Zgodnie z rozdzia\u0142em IV pkt. [&hellip;]<\/p>\n","protected":false},"author":2,"featured_media":0,"comment_status":"open","ping_status":"open","sticky":false,"template":"","format":"standard","meta":{"footnotes":""},"categories":[1,3],"tags":[],"class_list":["post-9713","post","type-post","status-publish","format-standard","hentry","category-bez-kategorii","category-zebrania"],"_links":{"self":[{"href":"https:\/\/www.milosnicylasu.olsztyn.pl\/index.php?rest_route=\/wp\/v2\/posts\/9713","targetHints":{"allow":["GET"]}}],"collection":[{"href":"https:\/\/www.milosnicylasu.olsztyn.pl\/index.php?rest_route=\/wp\/v2\/posts"}],"about":[{"href":"https:\/\/www.milosnicylasu.olsztyn.pl\/index.php?rest_route=\/wp\/v2\/types\/post"}],"author":[{"embeddable":true,"href":"https:\/\/www.milosnicylasu.olsztyn.pl\/index.php?rest_route=\/wp\/v2\/users\/2"}],"replies":[{"embeddable":true,"href":"https:\/\/www.milosnicylasu.olsztyn.pl\/index.php?rest_route=%2Fwp%2Fv2%2Fcomments&post=9713"}],"version-history":[{"count":3,"href":"https:\/\/www.milosnicylasu.olsztyn.pl\/index.php?rest_route=\/wp\/v2\/posts\/9713\/revisions"}],"predecessor-version":[{"id":9716,"href":"https:\/\/www.milosnicylasu.olsztyn.pl\/index.php?rest_route=\/wp\/v2\/posts\/9713\/revisions\/9716"}],"wp:attachment":[{"href":"https:\/\/www.milosnicylasu.olsztyn.pl\/index.php?rest_route=%2Fwp%2Fv2%2Fmedia&parent=9713"}],"wp:term":[{"taxonomy":"category","embeddable":true,"href":"https:\/\/www.milosnicylasu.olsztyn.pl\/index.php?rest_route=%2Fwp%2Fv2%2Fcategories&post=9713"},{"taxonomy":"post_tag","embeddable":true,"href":"https:\/\/www.milosnicylasu.olsztyn.pl\/index.php?rest_route=%2Fwp%2Fv2%2Ftags&post=9713"}],"curies":[{"name":"wp","href":"https:\/\/api.w.org\/{rel}","templated":true}]}}