{"id":9720,"date":"2025-11-08T06:21:06","date_gmt":"2025-11-08T05:21:06","guid":{"rendered":"https:\/\/www.milosnicylasu.olsztyn.pl\/?p=9720"},"modified":"2025-11-08T06:50:39","modified_gmt":"2025-11-08T05:50:39","slug":"swieto-niepodleglosci","status":"publish","type":"post","link":"https:\/\/www.milosnicylasu.olsztyn.pl\/?p=9720","title":{"rendered":"\u015awi\u0119to Niepodleg\u0142o\u015bci"},"content":{"rendered":"<p><a href=\"https:\/\/www.milosnicylasu.olsztyn.pl\/wp-content\/uploads\/2020\/05\/2017-07-30-15-09-36-alfa.jpg\" data-rel=\"lightbox-image-0\" data-magnific_type=\"image\" data-rl_title=\"\" data-rl_caption=\"\" title=\"\"><img loading=\"lazy\" decoding=\"async\" class=\"size-medium wp-image-5470\" src=\"https:\/\/www.milosnicylasu.olsztyn.pl\/wp-content\/uploads\/2020\/05\/2017-07-30-15-09-36-alfa-300x86.jpg\" alt=\"\" width=\"300\" height=\"86\" srcset=\"https:\/\/www.milosnicylasu.olsztyn.pl\/wp-content\/uploads\/2020\/05\/2017-07-30-15-09-36-alfa-300x86.jpg 300w, https:\/\/www.milosnicylasu.olsztyn.pl\/wp-content\/uploads\/2020\/05\/2017-07-30-15-09-36-alfa-1024x293.jpg 1024w, https:\/\/www.milosnicylasu.olsztyn.pl\/wp-content\/uploads\/2020\/05\/2017-07-30-15-09-36-alfa-768x220.jpg 768w, https:\/\/www.milosnicylasu.olsztyn.pl\/wp-content\/uploads\/2020\/05\/2017-07-30-15-09-36-alfa-1536x440.jpg 1536w, https:\/\/www.milosnicylasu.olsztyn.pl\/wp-content\/uploads\/2020\/05\/2017-07-30-15-09-36-alfa.jpg 1920w\" sizes=\"auto, (max-width: 300px) 100vw, 300px\" \/><\/a><\/p>\n<p>8 listopada 2025 roku\u00a0 dla cz\u0142onk\u00f3w Ko\u0142a Mi\u0142o\u015bnik\u00f3w Lasu i Militari\u00f3w LOK w Olsztynie b\u0119dzie dniem wyj\u0105tkowo wa\u017cnym, uroczystym. W tym dniu spotkamy si\u0119, jak zawsze w czasie sobotnich rajd\u00f3w w Le\u015bnictwie Stary Dw\u00f3r, by tym razem \u015bwi\u0119towa\u0107 \u015awi\u0119to Niepodleg\u0142o\u015bci. B\u0119dziemy \u015bpiewa\u0107 pie\u015bni patriotyczne,\u00a0 ogrzewa\u0107 si\u0119 przy ognisku, cieszy\u0107 si\u0119 wolno\u015bci\u0105&#8230;&#8230;&#8230;&#8230;&#8230;..<\/p>\n<p>11 listopada 1918 roku by\u0142 dniem, w kt\u00f3rym Polska odzyska\u0142a niepodleg\u0142o\u015b\u0107 po 123 latach zabor\u00f3w, a tak\u017ce momentem, w kt\u00f3rym podpisano rozejm ko\u0144cz\u0105cy I wojn\u0119 \u015bwiatow\u0105. Tego dnia J\u00f3zef Pi\u0142sudski przej\u0105\u0142 w\u0142adz\u0119 wojskow\u0105 z r\u0105k Rady Regencyjnej i zosta\u0142 mianowany Naczelnym Dow\u00f3dc\u0105 Wojsk Polskich.<\/p>\n<p>O niepodleg\u0142o\u015b\u0107 Polski walczy\u0142y miliony Polak\u00f3w na przestrzeni wielu lat, a w\u015br\u00f3d kluczowych postaci wymienia si\u0119 polityk\u00f3w i wojskowych, takich jak J\u00f3zef Pi\u0142sudski, Roman Dmowski, Ignacy Jan Paderewski, Wincenty Witos, Ignacy Daszy\u0144ski, Wojciech Korfanty i J\u00f3zef Haller. Do walki o wolno\u015b\u0107 przyczyni\u0142y si\u0119 r\u00f3wnie\u017c pokolenia powsta\u0144c\u00f3w, dzia\u0142aczy spiskowych i zwyk\u0142ych obywateli, kt\u00f3rzy podtrzymywali ducha polsko\u015bci i opierali si\u0119 rusyfikacji i germanizacji.<\/p>\n<p>&nbsp;<\/p>\n","protected":false},"excerpt":{"rendered":"<p>8 listopada 2025 roku\u00a0 dla cz\u0142onk\u00f3w Ko\u0142a Mi\u0142o\u015bnik\u00f3w Lasu i Militari\u00f3w LOK w Olsztynie b\u0119dzie dniem wyj\u0105tkowo wa\u017cnym, uroczystym. W tym dniu spotkamy si\u0119, jak zawsze w czasie sobotnich rajd\u00f3w w Le\u015bnictwie Stary Dw\u00f3r, by tym razem \u015bwi\u0119towa\u0107 \u015awi\u0119to Niepodleg\u0142o\u015bci. B\u0119dziemy \u015bpiewa\u0107 pie\u015bni patriotyczne,\u00a0 ogrzewa\u0107 si\u0119 przy ognisku, cieszy\u0107 si\u0119 wolno\u015bci\u0105&#8230;&#8230;&#8230;&#8230;&#8230;.. 11 listopada 1918 roku [&hellip;]<\/p>\n","protected":false},"author":2,"featured_media":0,"comment_status":"open","ping_status":"open","sticky":false,"template":"","format":"standard","meta":{"footnotes":""},"categories":[1,9,17],"tags":[],"class_list":["post-9720","post","type-post","status-publish","format-standard","hentry","category-bez-kategorii","category-ciekawostki","category-edukacja-w-terenie"],"_links":{"self":[{"href":"https:\/\/www.milosnicylasu.olsztyn.pl\/index.php?rest_route=\/wp\/v2\/posts\/9720","targetHints":{"allow":["GET"]}}],"collection":[{"href":"https:\/\/www.milosnicylasu.olsztyn.pl\/index.php?rest_route=\/wp\/v2\/posts"}],"about":[{"href":"https:\/\/www.milosnicylasu.olsztyn.pl\/index.php?rest_route=\/wp\/v2\/types\/post"}],"author":[{"embeddable":true,"href":"https:\/\/www.milosnicylasu.olsztyn.pl\/index.php?rest_route=\/wp\/v2\/users\/2"}],"replies":[{"embeddable":true,"href":"https:\/\/www.milosnicylasu.olsztyn.pl\/index.php?rest_route=%2Fwp%2Fv2%2Fcomments&post=9720"}],"version-history":[{"count":4,"href":"https:\/\/www.milosnicylasu.olsztyn.pl\/index.php?rest_route=\/wp\/v2\/posts\/9720\/revisions"}],"predecessor-version":[{"id":9724,"href":"https:\/\/www.milosnicylasu.olsztyn.pl\/index.php?rest_route=\/wp\/v2\/posts\/9720\/revisions\/9724"}],"wp:attachment":[{"href":"https:\/\/www.milosnicylasu.olsztyn.pl\/index.php?rest_route=%2Fwp%2Fv2%2Fmedia&parent=9720"}],"wp:term":[{"taxonomy":"category","embeddable":true,"href":"https:\/\/www.milosnicylasu.olsztyn.pl\/index.php?rest_route=%2Fwp%2Fv2%2Fcategories&post=9720"},{"taxonomy":"post_tag","embeddable":true,"href":"https:\/\/www.milosnicylasu.olsztyn.pl\/index.php?rest_route=%2Fwp%2Fv2%2Ftags&post=9720"}],"curies":[{"name":"wp","href":"https:\/\/api.w.org\/{rel}","templated":true}]}}