{"id":9762,"date":"2025-11-28T18:39:57","date_gmt":"2025-11-28T17:39:57","guid":{"rendered":"https:\/\/www.milosnicylasu.olsztyn.pl\/?p=9762"},"modified":"2025-11-28T18:44:44","modified_gmt":"2025-11-28T17:44:44","slug":"zima-2","status":"publish","type":"post","link":"https:\/\/www.milosnicylasu.olsztyn.pl\/?p=9762","title":{"rendered":"Bia\u0142o, bialutko &#8230; Zima"},"content":{"rendered":"<p><em><strong>&#8222;Niebo b\u0142\u0119kitnia\u0142o, niebo owdowia\u0142o,<\/strong><\/em><\/p>\n<p><em><strong>Owdowia\u0142y b\u0142\u0119kit bia\u0142ym \u015bniegiem spad\u0142,<\/strong><\/em><\/p>\n<p><em><strong>Co si\u0119 nagle sta\u0142o, \u017ce tak bia\u0142o, bia\u0142o,<\/strong><\/em><\/p>\n<p><em><strong>Pod nogami mymi zaszele\u015bci\u0142 \u015bwiat?&#8221;<\/strong><\/em><\/p>\n<p><strong>Tak widzia\u0142 bia\u0142\u0105 zim\u0119 Jan Brzechwa<\/strong><\/p>\n<p><a href=\"https:\/\/www.milosnicylasu.olsztyn.pl\/wp-content\/uploads\/2025\/11\/PB250035-www.jpg\" data-rel=\"lightbox-image-0\" data-magnific_type=\"image\" data-rl_title=\"\" data-rl_caption=\"\" title=\"\"><img loading=\"lazy\" decoding=\"async\" class=\"size-medium wp-image-9763 alignleft\" src=\"https:\/\/www.milosnicylasu.olsztyn.pl\/wp-content\/uploads\/2025\/11\/PB250035-www-300x225.jpg\" alt=\"\" width=\"300\" height=\"225\" srcset=\"https:\/\/www.milosnicylasu.olsztyn.pl\/wp-content\/uploads\/2025\/11\/PB250035-www-300x225.jpg 300w, https:\/\/www.milosnicylasu.olsztyn.pl\/wp-content\/uploads\/2025\/11\/PB250035-www-768x576.jpg 768w, https:\/\/www.milosnicylasu.olsztyn.pl\/wp-content\/uploads\/2025\/11\/PB250035-www.jpg 1024w\" sizes=\"auto, (max-width: 300px) 100vw, 300px\" \/><\/a><\/p>\n<p><strong>W Olsztynie, pod koniec listopada 2025 roku, podobno pokrywa \u015bnie\u017cna wynosi\u00a0 23 cm. Tak du\u017cego opadu \u015bniegu w mie\u015bcie nie by\u0142o od 2006 roku.\u00a0 A jak wygl\u0105da zima przy ulicy Pileckiego ? Jest pi\u0119knie&#8230;&#8230;&#8230;&#8230;&#8230;<\/strong><\/p>\n<p><a href=\"https:\/\/www.milosnicylasu.olsztyn.pl\/wp-content\/uploads\/2025\/11\/PB250024-www.jpg\" data-rel=\"lightbox-image-1\" data-magnific_type=\"image\" data-rl_title=\"\" data-rl_caption=\"\" title=\"\"><img loading=\"lazy\" decoding=\"async\" class=\"size-medium wp-image-9764\" src=\"https:\/\/www.milosnicylasu.olsztyn.pl\/wp-content\/uploads\/2025\/11\/PB250024-www-300x225.jpg\" alt=\"\" width=\"300\" height=\"225\" srcset=\"https:\/\/www.milosnicylasu.olsztyn.pl\/wp-content\/uploads\/2025\/11\/PB250024-www-300x225.jpg 300w, https:\/\/www.milosnicylasu.olsztyn.pl\/wp-content\/uploads\/2025\/11\/PB250024-www-768x576.jpg 768w, https:\/\/www.milosnicylasu.olsztyn.pl\/wp-content\/uploads\/2025\/11\/PB250024-www.jpg 1024w\" sizes=\"auto, (max-width: 300px) 100vw, 300px\" \/><\/a><\/p>\n<div id=\"attachment_9765\" style=\"width: 310px\" class=\"wp-caption alignnone\"><a href=\"https:\/\/www.milosnicylasu.olsztyn.pl\/wp-content\/uploads\/2025\/11\/PB250068-www.jpg\" data-rel=\"lightbox-image-2\" data-magnific_type=\"image\" data-rl_title=\"\" data-rl_caption=\"\" title=\"\"><img loading=\"lazy\" decoding=\"async\" aria-describedby=\"caption-attachment-9765\" class=\"size-medium wp-image-9765\" src=\"https:\/\/www.milosnicylasu.olsztyn.pl\/wp-content\/uploads\/2025\/11\/PB250068-www-300x225.jpg\" alt=\"\" width=\"300\" height=\"225\" srcset=\"https:\/\/www.milosnicylasu.olsztyn.pl\/wp-content\/uploads\/2025\/11\/PB250068-www-300x225.jpg 300w, https:\/\/www.milosnicylasu.olsztyn.pl\/wp-content\/uploads\/2025\/11\/PB250068-www-768x576.jpg 768w, https:\/\/www.milosnicylasu.olsztyn.pl\/wp-content\/uploads\/2025\/11\/PB250068-www.jpg 1024w\" sizes=\"auto, (max-width: 300px) 100vw, 300px\" \/><\/a><p id=\"caption-attachment-9765\" class=\"wp-caption-text\"><strong>Zdj\u0119cia Anatol Leszczy\u0144ski<\/strong><\/p><\/div>\n<p><a href=\"https:\/\/www.milosnicylasu.olsztyn.pl\/wp-content\/uploads\/2025\/11\/PB250037-www.jpg\" data-rel=\"lightbox-image-3\" data-magnific_type=\"image\" data-rl_title=\"\" data-rl_caption=\"\" title=\"\"><img loading=\"lazy\" decoding=\"async\" class=\"size-medium wp-image-9766 alignnone\" src=\"https:\/\/www.milosnicylasu.olsztyn.pl\/wp-content\/uploads\/2025\/11\/PB250037-www-300x225.jpg\" alt=\"\" width=\"300\" height=\"225\" srcset=\"https:\/\/www.milosnicylasu.olsztyn.pl\/wp-content\/uploads\/2025\/11\/PB250037-www-300x225.jpg 300w, https:\/\/www.milosnicylasu.olsztyn.pl\/wp-content\/uploads\/2025\/11\/PB250037-www-768x576.jpg 768w, https:\/\/www.milosnicylasu.olsztyn.pl\/wp-content\/uploads\/2025\/11\/PB250037-www.jpg 1024w\" sizes=\"auto, (max-width: 300px) 100vw, 300px\" \/><\/a><\/p>\n","protected":false},"excerpt":{"rendered":"<p>&#8222;Niebo b\u0142\u0119kitnia\u0142o, niebo owdowia\u0142o, Owdowia\u0142y b\u0142\u0119kit bia\u0142ym \u015bniegiem spad\u0142, Co si\u0119 nagle sta\u0142o, \u017ce tak bia\u0142o, bia\u0142o, Pod nogami mymi zaszele\u015bci\u0142 \u015bwiat?&#8221; Tak widzia\u0142 bia\u0142\u0105 zim\u0119 Jan Brzechwa W Olsztynie, pod koniec listopada 2025 roku, podobno pokrywa \u015bnie\u017cna wynosi\u00a0 23 cm. Tak du\u017cego opadu \u015bniegu w mie\u015bcie nie by\u0142o od 2006 roku.\u00a0 A jak wygl\u0105da [&hellip;]<\/p>\n","protected":false},"author":2,"featured_media":0,"comment_status":"open","ping_status":"open","sticky":false,"template":"","format":"standard","meta":{"footnotes":""},"categories":[1,9],"tags":[],"class_list":["post-9762","post","type-post","status-publish","format-standard","hentry","category-bez-kategorii","category-ciekawostki"],"_links":{"self":[{"href":"https:\/\/www.milosnicylasu.olsztyn.pl\/index.php?rest_route=\/wp\/v2\/posts\/9762","targetHints":{"allow":["GET"]}}],"collection":[{"href":"https:\/\/www.milosnicylasu.olsztyn.pl\/index.php?rest_route=\/wp\/v2\/posts"}],"about":[{"href":"https:\/\/www.milosnicylasu.olsztyn.pl\/index.php?rest_route=\/wp\/v2\/types\/post"}],"author":[{"embeddable":true,"href":"https:\/\/www.milosnicylasu.olsztyn.pl\/index.php?rest_route=\/wp\/v2\/users\/2"}],"replies":[{"embeddable":true,"href":"https:\/\/www.milosnicylasu.olsztyn.pl\/index.php?rest_route=%2Fwp%2Fv2%2Fcomments&post=9762"}],"version-history":[{"count":3,"href":"https:\/\/www.milosnicylasu.olsztyn.pl\/index.php?rest_route=\/wp\/v2\/posts\/9762\/revisions"}],"predecessor-version":[{"id":9769,"href":"https:\/\/www.milosnicylasu.olsztyn.pl\/index.php?rest_route=\/wp\/v2\/posts\/9762\/revisions\/9769"}],"wp:attachment":[{"href":"https:\/\/www.milosnicylasu.olsztyn.pl\/index.php?rest_route=%2Fwp%2Fv2%2Fmedia&parent=9762"}],"wp:term":[{"taxonomy":"category","embeddable":true,"href":"https:\/\/www.milosnicylasu.olsztyn.pl\/index.php?rest_route=%2Fwp%2Fv2%2Fcategories&post=9762"},{"taxonomy":"post_tag","embeddable":true,"href":"https:\/\/www.milosnicylasu.olsztyn.pl\/index.php?rest_route=%2Fwp%2Fv2%2Ftags&post=9762"}],"curies":[{"name":"wp","href":"https:\/\/api.w.org\/{rel}","templated":true}]}}