{"id":9772,"date":"2025-11-30T07:22:30","date_gmt":"2025-11-30T06:22:30","guid":{"rendered":"https:\/\/www.milosnicylasu.olsztyn.pl\/?p=9772"},"modified":"2025-11-30T07:22:30","modified_gmt":"2025-11-30T06:22:30","slug":"mocno-zimowe-andrzejki","status":"publish","type":"post","link":"https:\/\/www.milosnicylasu.olsztyn.pl\/?p=9772","title":{"rendered":"Mocno zimowe &#8222;Andrzejki&#8221;"},"content":{"rendered":"<p><a href=\"https:\/\/www.milosnicylasu.olsztyn.pl\/wp-content\/uploads\/2025\/11\/20251129_104022-www.jpg\" data-rel=\"lightbox-image-0\" data-magnific_type=\"image\" data-rl_title=\"\" data-rl_caption=\"\" title=\"\"><img loading=\"lazy\" decoding=\"async\" class=\"size-medium wp-image-9773 alignleft\" src=\"https:\/\/www.milosnicylasu.olsztyn.pl\/wp-content\/uploads\/2025\/11\/20251129_104022-www-300x225.jpg\" alt=\"\" width=\"300\" height=\"225\" srcset=\"https:\/\/www.milosnicylasu.olsztyn.pl\/wp-content\/uploads\/2025\/11\/20251129_104022-www-300x225.jpg 300w, https:\/\/www.milosnicylasu.olsztyn.pl\/wp-content\/uploads\/2025\/11\/20251129_104022-www-768x576.jpg 768w, https:\/\/www.milosnicylasu.olsztyn.pl\/wp-content\/uploads\/2025\/11\/20251129_104022-www.jpg 1024w\" sizes=\"auto, (max-width: 300px) 100vw, 300px\" \/><\/a>Zimowa aura nie wystraszy\u0142a najbardziej wytrwa\u0142ych cz\u0142onk\u00f3w Ko\u0142a Mi\u0142o\u015bnik\u00f3w Lasu i Militari\u00f3w w Olsztynie. Na imprez\u0119 zorganizowan\u0105 przez Wiesi\u0119 i Jasia Filipk\u00f3w stawi\u0142o si\u0119 kilkana\u015bcie os\u00f3b. Mimo grubej pokrywy \u015bnie\u017cnej uda\u0142o si\u0119 nawet rozpali\u0107 ognisko i upiec kie\u0142baski. G\u0142\u00f3wne spotkanie odby\u0142o si\u0119 pod zaprzyja\u017anion\u0105 wiat\u0105 w Le\u015bnictwie Stary Dw\u00f3r, kt\u00f3rym zawiaduje Wojtek D\u0105browski, cz\u0142onek naszego Ko\u0142a. Wspominali\u015bmy &#8222;Andrzejki&#8221; z poprzednich lat, a by\u0142o co wspomina\u0107, bo przecie\u017c Ko\u0142o istnieje ponad 18 lat&#8230;&#8230;&#8230;&#8230;&#8230;&#8230;..<a href=\"https:\/\/www.milosnicylasu.olsztyn.pl\/wp-content\/uploads\/2023\/01\/DSCN0284-www.jpg\" data-rel=\"lightbox-image-1\" data-magnific_type=\"image\" data-rl_title=\"\" data-rl_caption=\"\" title=\"\"><img loading=\"lazy\" decoding=\"async\" class=\"size-medium wp-image-7749 alignleft\" src=\"https:\/\/www.milosnicylasu.olsztyn.pl\/wp-content\/uploads\/2023\/01\/DSCN0284-www-300x225.jpg\" alt=\"\" width=\"300\" height=\"225\" srcset=\"https:\/\/www.milosnicylasu.olsztyn.pl\/wp-content\/uploads\/2023\/01\/DSCN0284-www-300x225.jpg 300w, https:\/\/www.milosnicylasu.olsztyn.pl\/wp-content\/uploads\/2023\/01\/DSCN0284-www-768x576.jpg 768w, https:\/\/www.milosnicylasu.olsztyn.pl\/wp-content\/uploads\/2023\/01\/DSCN0284-www.jpg 1024w\" sizes=\"auto, (max-width: 300px) 100vw, 300px\" \/><\/a><\/p>\n<p><a href=\"https:\/\/www.milosnicylasu.olsztyn.pl\/wp-content\/uploads\/2025\/11\/20251129_105941-www.jpg\" data-rel=\"lightbox-image-2\" data-magnific_type=\"image\" data-rl_title=\"\" data-rl_caption=\"\" title=\"\"><img loading=\"lazy\" decoding=\"async\" class=\"size-medium wp-image-9774 alignright\" src=\"https:\/\/www.milosnicylasu.olsztyn.pl\/wp-content\/uploads\/2025\/11\/20251129_105941-www-300x225.jpg\" alt=\"\" width=\"300\" height=\"225\" srcset=\"https:\/\/www.milosnicylasu.olsztyn.pl\/wp-content\/uploads\/2025\/11\/20251129_105941-www-300x225.jpg 300w, https:\/\/www.milosnicylasu.olsztyn.pl\/wp-content\/uploads\/2025\/11\/20251129_105941-www-768x576.jpg 768w, https:\/\/www.milosnicylasu.olsztyn.pl\/wp-content\/uploads\/2025\/11\/20251129_105941-www.jpg 1024w\" sizes=\"auto, (max-width: 300px) 100vw, 300px\" \/><\/a>Dzi\u0119kujemy Wiesi i Jasiowi za imprez\u0119 oraz za zdj\u0119cia.<\/p>\n","protected":false},"excerpt":{"rendered":"<p>Zimowa aura nie wystraszy\u0142a najbardziej wytrwa\u0142ych cz\u0142onk\u00f3w Ko\u0142a Mi\u0142o\u015bnik\u00f3w Lasu i Militari\u00f3w w Olsztynie. Na imprez\u0119 zorganizowan\u0105 przez Wiesi\u0119 i Jasia Filipk\u00f3w stawi\u0142o si\u0119 kilkana\u015bcie os\u00f3b. Mimo grubej pokrywy \u015bnie\u017cnej uda\u0142o si\u0119 nawet rozpali\u0107 ognisko i upiec kie\u0142baski. G\u0142\u00f3wne spotkanie odby\u0142o si\u0119 pod zaprzyja\u017anion\u0105 wiat\u0105 w Le\u015bnictwie Stary Dw\u00f3r, kt\u00f3rym zawiaduje Wojtek D\u0105browski, cz\u0142onek naszego [&hellip;]<\/p>\n","protected":false},"author":2,"featured_media":0,"comment_status":"open","ping_status":"open","sticky":false,"template":"","format":"standard","meta":{"footnotes":""},"categories":[1,9,17,14],"tags":[],"class_list":["post-9772","post","type-post","status-publish","format-standard","hentry","category-bez-kategorii","category-ciekawostki","category-edukacja-w-terenie","category-zabawy"],"_links":{"self":[{"href":"https:\/\/www.milosnicylasu.olsztyn.pl\/index.php?rest_route=\/wp\/v2\/posts\/9772","targetHints":{"allow":["GET"]}}],"collection":[{"href":"https:\/\/www.milosnicylasu.olsztyn.pl\/index.php?rest_route=\/wp\/v2\/posts"}],"about":[{"href":"https:\/\/www.milosnicylasu.olsztyn.pl\/index.php?rest_route=\/wp\/v2\/types\/post"}],"author":[{"embeddable":true,"href":"https:\/\/www.milosnicylasu.olsztyn.pl\/index.php?rest_route=\/wp\/v2\/users\/2"}],"replies":[{"embeddable":true,"href":"https:\/\/www.milosnicylasu.olsztyn.pl\/index.php?rest_route=%2Fwp%2Fv2%2Fcomments&post=9772"}],"version-history":[{"count":1,"href":"https:\/\/www.milosnicylasu.olsztyn.pl\/index.php?rest_route=\/wp\/v2\/posts\/9772\/revisions"}],"predecessor-version":[{"id":9775,"href":"https:\/\/www.milosnicylasu.olsztyn.pl\/index.php?rest_route=\/wp\/v2\/posts\/9772\/revisions\/9775"}],"wp:attachment":[{"href":"https:\/\/www.milosnicylasu.olsztyn.pl\/index.php?rest_route=%2Fwp%2Fv2%2Fmedia&parent=9772"}],"wp:term":[{"taxonomy":"category","embeddable":true,"href":"https:\/\/www.milosnicylasu.olsztyn.pl\/index.php?rest_route=%2Fwp%2Fv2%2Fcategories&post=9772"},{"taxonomy":"post_tag","embeddable":true,"href":"https:\/\/www.milosnicylasu.olsztyn.pl\/index.php?rest_route=%2Fwp%2Fv2%2Ftags&post=9772"}],"curies":[{"name":"wp","href":"https:\/\/api.w.org\/{rel}","templated":true}]}}