{"id":9802,"date":"2025-12-10T07:48:11","date_gmt":"2025-12-10T06:48:11","guid":{"rendered":"https:\/\/www.milosnicylasu.olsztyn.pl\/?p=9802"},"modified":"2025-12-10T07:48:35","modified_gmt":"2025-12-10T06:48:35","slug":"mikolaj-z-prezentami","status":"publish","type":"post","link":"https:\/\/www.milosnicylasu.olsztyn.pl\/?p=9802","title":{"rendered":"Miko\u0142aj z prezentami"},"content":{"rendered":"<p><a href=\"https:\/\/www.milosnicylasu.olsztyn.pl\/wp-content\/uploads\/2024\/12\/PC140026-www.jpg\" data-rel=\"lightbox-image-0\" data-magnific_type=\"image\" data-rl_title=\"\" data-rl_caption=\"\" title=\"\"><img loading=\"lazy\" decoding=\"async\" class=\"size-medium wp-image-9094 alignleft\" src=\"https:\/\/www.milosnicylasu.olsztyn.pl\/wp-content\/uploads\/2024\/12\/PC140026-www-300x225.jpg\" alt=\"\" width=\"300\" height=\"225\" srcset=\"https:\/\/www.milosnicylasu.olsztyn.pl\/wp-content\/uploads\/2024\/12\/PC140026-www-300x225.jpg 300w, https:\/\/www.milosnicylasu.olsztyn.pl\/wp-content\/uploads\/2024\/12\/PC140026-www-768x576.jpg 768w, https:\/\/www.milosnicylasu.olsztyn.pl\/wp-content\/uploads\/2024\/12\/PC140026-www.jpg 1024w\" sizes=\"auto, (max-width: 300px) 100vw, 300px\" \/><\/a><\/p>\n<p><strong>13 grudnia 2025 roku zapowiedzia\u0142 si\u0119 Miko\u0142aj z prezentami. Przywitamy Go w &#8222;Wojtkowym Lesie&#8221;w Le\u015bnictwie Stary Dw\u00f3r o godzinie 11.00. Wcze\u015bniej\u00a0 zbi\u00f3rka\u00a0 o godzinie 10.00 na p\u0119tli autobus\u00f3w w Kortowie. Podczas spotkania ubierzemy le\u015bn\u0105 choink\u0119 w ozdoby z kt\u00f3rych uciesz\u0105 si\u0119 le\u015bne zwierz\u0105tka. Ja co roku prosimy przynie\u015b\u0107 np.kawa\u0142eczki\u00a0 s\u0142oninki, jab\u0142uszka&#8230;&#8230;.Rozpalimy ognisko. B\u0119dzie mo\u017cna upiec kie\u0142baski, kt\u00f3re przyniesiecie z sob\u0105&#8230;.. Zapraszamy serdecznie. B\u0119dzie weso\u0142o!\u00a0\u00a0<\/strong><\/p>\n<p><strong>Zdj\u0119cie z ubieg\u0142ego roku<\/strong><\/p>\n","protected":false},"excerpt":{"rendered":"<p>13 grudnia 2025 roku zapowiedzia\u0142 si\u0119 Miko\u0142aj z prezentami. Przywitamy Go w &#8222;Wojtkowym Lesie&#8221;w Le\u015bnictwie Stary Dw\u00f3r o godzinie 11.00. Wcze\u015bniej\u00a0 zbi\u00f3rka\u00a0 o godzinie 10.00 na p\u0119tli autobus\u00f3w w Kortowie. Podczas spotkania ubierzemy le\u015bn\u0105 choink\u0119 w ozdoby z kt\u00f3rych uciesz\u0105 si\u0119 le\u015bne zwierz\u0105tka. Ja co roku prosimy przynie\u015b\u0107 np.kawa\u0142eczki\u00a0 s\u0142oninki, jab\u0142uszka&#8230;&#8230;.Rozpalimy ognisko. B\u0119dzie mo\u017cna upiec [&hellip;]<\/p>\n","protected":false},"author":2,"featured_media":0,"comment_status":"open","ping_status":"open","sticky":false,"template":"","format":"standard","meta":{"footnotes":""},"categories":[1,9,17],"tags":[],"class_list":["post-9802","post","type-post","status-publish","format-standard","hentry","category-bez-kategorii","category-ciekawostki","category-edukacja-w-terenie"],"_links":{"self":[{"href":"https:\/\/www.milosnicylasu.olsztyn.pl\/index.php?rest_route=\/wp\/v2\/posts\/9802","targetHints":{"allow":["GET"]}}],"collection":[{"href":"https:\/\/www.milosnicylasu.olsztyn.pl\/index.php?rest_route=\/wp\/v2\/posts"}],"about":[{"href":"https:\/\/www.milosnicylasu.olsztyn.pl\/index.php?rest_route=\/wp\/v2\/types\/post"}],"author":[{"embeddable":true,"href":"https:\/\/www.milosnicylasu.olsztyn.pl\/index.php?rest_route=\/wp\/v2\/users\/2"}],"replies":[{"embeddable":true,"href":"https:\/\/www.milosnicylasu.olsztyn.pl\/index.php?rest_route=%2Fwp%2Fv2%2Fcomments&post=9802"}],"version-history":[{"count":2,"href":"https:\/\/www.milosnicylasu.olsztyn.pl\/index.php?rest_route=\/wp\/v2\/posts\/9802\/revisions"}],"predecessor-version":[{"id":9804,"href":"https:\/\/www.milosnicylasu.olsztyn.pl\/index.php?rest_route=\/wp\/v2\/posts\/9802\/revisions\/9804"}],"wp:attachment":[{"href":"https:\/\/www.milosnicylasu.olsztyn.pl\/index.php?rest_route=%2Fwp%2Fv2%2Fmedia&parent=9802"}],"wp:term":[{"taxonomy":"category","embeddable":true,"href":"https:\/\/www.milosnicylasu.olsztyn.pl\/index.php?rest_route=%2Fwp%2Fv2%2Fcategories&post=9802"},{"taxonomy":"post_tag","embeddable":true,"href":"https:\/\/www.milosnicylasu.olsztyn.pl\/index.php?rest_route=%2Fwp%2Fv2%2Ftags&post=9802"}],"curies":[{"name":"wp","href":"https:\/\/api.w.org\/{rel}","templated":true}]}}