{"id":9865,"date":"2026-01-07T13:46:47","date_gmt":"2026-01-07T12:46:47","guid":{"rendered":"https:\/\/www.milosnicylasu.olsztyn.pl\/?p=9865"},"modified":"2026-01-07T13:48:21","modified_gmt":"2026-01-07T12:48:21","slug":"kolo-milosnikow-lasu-przy-regionalnej-dyrekcji-lasow-panstwowych-w-olsztynie","status":"publish","type":"post","link":"https:\/\/www.milosnicylasu.olsztyn.pl\/?p=9865","title":{"rendered":"Ko\u0142o Mi\u0142o\u015bnik\u00f3w Lasu przy Regionalnej Dyrekcji Las\u00f3w Pa\u0144stwowych w Olsztynie"},"content":{"rendered":"<p><a href=\"https:\/\/www.milosnicylasu.olsztyn.pl\/wp-content\/uploads\/2026\/01\/P1060006-www.jpg\" data-rel=\"lightbox-image-0\" data-magnific_type=\"image\" data-rl_title=\"\" data-rl_caption=\"\" title=\"\"><img loading=\"lazy\" decoding=\"async\" class=\"size-medium wp-image-9866\" src=\"https:\/\/www.milosnicylasu.olsztyn.pl\/wp-content\/uploads\/2026\/01\/P1060006-www-300x225.jpg\" alt=\"\" width=\"300\" height=\"225\" srcset=\"https:\/\/www.milosnicylasu.olsztyn.pl\/wp-content\/uploads\/2026\/01\/P1060006-www-300x225.jpg 300w, https:\/\/www.milosnicylasu.olsztyn.pl\/wp-content\/uploads\/2026\/01\/P1060006-www-768x576.jpg 768w, https:\/\/www.milosnicylasu.olsztyn.pl\/wp-content\/uploads\/2026\/01\/P1060006-www.jpg 1024w\" sizes=\"auto, (max-width: 300px) 100vw, 300px\" \/><\/a><\/p>\n<p><strong>4 grudnia 2025 roku grupa inicjatywna sk\u0142adaj\u0105ca si\u0119 z cz\u0142onk\u00f3w\u00a0 by\u0142ego Ko\u0142a Mi\u0142o\u015bnik\u00f3w Lasu i Militari\u00f3w LOK przy ATW\u00a0 w Olsztynie<\/strong><\/p>\n<p><strong>powo\u0142a\u0142a nowe Ko\u0142o :<\/strong><\/p>\n<p><strong>Ko\u0142o Mi\u0142o\u015bnik\u00f3w Lasu przy Regionalnej Dyrekcji Las\u00f3w Pa\u0144stwowych w Olsztynie<\/strong><\/p>\n<p><strong><span style=\"color: #008080;\">Wybrano nowy Zarz\u0105d Ko\u0142a<\/span>: <\/strong><\/p>\n<p><strong>Prezes Anatol Leszczy\u0144ski<\/strong><\/p>\n<p><strong>w-ce Prezes\u00a0 Adam Siemakowicz<\/strong><\/p>\n<p><strong>Sekretarz Stefania Jarczyk<\/strong><\/p>\n<p><strong>Skarbnik Wies\u0142awa Filipek<\/strong><\/p>\n<p><strong>Redaktor strony internetowej Krystyna Leszczy\u0144ska<\/strong><\/p>\n<p><strong>Cz\u0142onek Zarz\u0105du Maria Igli\u0144ska<\/strong><\/p>\n<p><strong>Cz\u0142onek Zarz\u0105du J\u00f3zef Gazda<\/strong><\/p>\n<p><strong>Nowy Zarz\u0105d opracowa\u0142 regulamin, przedstawiony cz\u0142onkom Ko\u0142a. <\/strong><\/p>\n<p><strong>Zapraszamy na zebranie 8 stycznia 2026 roku, w czasie kt\u00f3rego nast\u0105pi uroczyste wr\u0119czenie\u00a0 legitymacji cz\u0142onkowskich. <\/strong><\/p>\n<p><strong>Na zdj\u0119ciu &#8211; tak wygl\u0105da pierwsza strona legitymacji.<\/strong><\/p>\n<p>&nbsp;<\/p>\n<p>&nbsp;<\/p>\n","protected":false},"excerpt":{"rendered":"<p>4 grudnia 2025 roku grupa inicjatywna sk\u0142adaj\u0105ca si\u0119 z cz\u0142onk\u00f3w\u00a0 by\u0142ego Ko\u0142a Mi\u0142o\u015bnik\u00f3w Lasu i Militari\u00f3w LOK przy ATW\u00a0 w Olsztynie powo\u0142a\u0142a nowe Ko\u0142o : Ko\u0142o Mi\u0142o\u015bnik\u00f3w Lasu przy Regionalnej Dyrekcji Las\u00f3w Pa\u0144stwowych w Olsztynie Wybrano nowy Zarz\u0105d Ko\u0142a: Prezes Anatol Leszczy\u0144ski w-ce Prezes\u00a0 Adam Siemakowicz Sekretarz Stefania Jarczyk Skarbnik Wies\u0142awa Filipek Redaktor strony internetowej [&hellip;]<\/p>\n","protected":false},"author":2,"featured_media":0,"comment_status":"open","ping_status":"open","sticky":false,"template":"","format":"standard","meta":{"footnotes":""},"categories":[9,3],"tags":[],"class_list":["post-9865","post","type-post","status-publish","format-standard","hentry","category-ciekawostki","category-zebrania"],"_links":{"self":[{"href":"https:\/\/www.milosnicylasu.olsztyn.pl\/index.php?rest_route=\/wp\/v2\/posts\/9865","targetHints":{"allow":["GET"]}}],"collection":[{"href":"https:\/\/www.milosnicylasu.olsztyn.pl\/index.php?rest_route=\/wp\/v2\/posts"}],"about":[{"href":"https:\/\/www.milosnicylasu.olsztyn.pl\/index.php?rest_route=\/wp\/v2\/types\/post"}],"author":[{"embeddable":true,"href":"https:\/\/www.milosnicylasu.olsztyn.pl\/index.php?rest_route=\/wp\/v2\/users\/2"}],"replies":[{"embeddable":true,"href":"https:\/\/www.milosnicylasu.olsztyn.pl\/index.php?rest_route=%2Fwp%2Fv2%2Fcomments&post=9865"}],"version-history":[{"count":3,"href":"https:\/\/www.milosnicylasu.olsztyn.pl\/index.php?rest_route=\/wp\/v2\/posts\/9865\/revisions"}],"predecessor-version":[{"id":9869,"href":"https:\/\/www.milosnicylasu.olsztyn.pl\/index.php?rest_route=\/wp\/v2\/posts\/9865\/revisions\/9869"}],"wp:attachment":[{"href":"https:\/\/www.milosnicylasu.olsztyn.pl\/index.php?rest_route=%2Fwp%2Fv2%2Fmedia&parent=9865"}],"wp:term":[{"taxonomy":"category","embeddable":true,"href":"https:\/\/www.milosnicylasu.olsztyn.pl\/index.php?rest_route=%2Fwp%2Fv2%2Fcategories&post=9865"},{"taxonomy":"post_tag","embeddable":true,"href":"https:\/\/www.milosnicylasu.olsztyn.pl\/index.php?rest_route=%2Fwp%2Fv2%2Ftags&post=9865"}],"curies":[{"name":"wp","href":"https:\/\/api.w.org\/{rel}","templated":true}]}}