{"id":987,"date":"2014-02-23T12:29:29","date_gmt":"2014-02-23T11:29:29","guid":{"rendered":"http:\/\/www.milosnicylasu.olsztyn.pl\/?p=987"},"modified":"2014-02-24T09:40:48","modified_gmt":"2014-02-24T08:40:48","slug":"wyjazd-do-spychowa","status":"publish","type":"post","link":"https:\/\/www.milosnicylasu.olsztyn.pl\/?p=987","title":{"rendered":"Edukacja przyrodniczo-le\u015bna w Nadle\u015bnictwie Spychowo"},"content":{"rendered":"<p><a href=\"http:\/\/www.milosnicylasu.olsztyn.pl\/wp-content\/uploads\/2014\/02\/P2220065-www.jpg\" data-rel=\"lightbox-image-0\" data-magnific_type=\"image\" data-rl_title=\"\" data-rl_caption=\"\" title=\"\"><img loading=\"lazy\" decoding=\"async\" class=\"alignleft size-medium wp-image-999\" alt=\"P2220065-www\" src=\"http:\/\/www.milosnicylasu.olsztyn.pl\/wp-content\/uploads\/2014\/02\/P2220065-www-300x225.jpg\" width=\"300\" height=\"225\" srcset=\"https:\/\/www.milosnicylasu.olsztyn.pl\/wp-content\/uploads\/2014\/02\/P2220065-www-300x225.jpg 300w, https:\/\/www.milosnicylasu.olsztyn.pl\/wp-content\/uploads\/2014\/02\/P2220065-www-400x300.jpg 400w, https:\/\/www.milosnicylasu.olsztyn.pl\/wp-content\/uploads\/2014\/02\/P2220065-www.jpg 1024w\" sizes=\"auto, (max-width: 300px) 100vw, 300px\" \/><\/a>22 lutego 2014r , 50 cz\u0142onk\u00f3w naszego Ko\u0142a mog\u0142o pozna\u0107 kolejne nadle\u015bnictwo w naszym wojew\u00f3dztwie. Tym razem skorzystali\u015bmy\u00a0 z zaproszenia Nadle\u015bnictwa Spychowo. Naszym przewodnikiem by\u0142 Pan Adam Ge\u0142don, kt\u00f3ry\u00a0jest nam dobrze znamy z poprzednich czterech spotka\u0144 w Regionalnej Dyrekcji Las\u00f3w Pa\u0144stwowych w Olsztynie. Tym razem, w pi\u0119knej sali edukacyjnej, przy kawie, herbacie i ciasteczkach, wys\u0142uchali\u015bmy bardzo ciekawego wyk\u0142adu pt. Le\u015bny Kompleks Promocyjny &#8222;Lasy Mazurskie&#8221;\u00a0.<a href=\"http:\/\/www.milosnicylasu.olsztyn.pl\/wp-content\/uploads\/2014\/02\/P2220015-www.jpg\" data-rel=\"lightbox-image-1\" data-magnific_type=\"image\" data-rl_title=\"\" data-rl_caption=\"\" title=\"\"><img loading=\"lazy\" decoding=\"async\" class=\"alignleft size-medium wp-image-988\" alt=\"P2220015-www\" src=\"http:\/\/www.milosnicylasu.olsztyn.pl\/wp-content\/uploads\/2014\/02\/P2220015-www-300x225.jpg\" width=\"300\" height=\"225\" srcset=\"https:\/\/www.milosnicylasu.olsztyn.pl\/wp-content\/uploads\/2014\/02\/P2220015-www-300x225.jpg 300w, https:\/\/www.milosnicylasu.olsztyn.pl\/wp-content\/uploads\/2014\/02\/P2220015-www-400x300.jpg 400w, https:\/\/www.milosnicylasu.olsztyn.pl\/wp-content\/uploads\/2014\/02\/P2220015-www.jpg 1024w\" sizes=\"auto, (max-width: 300px) 100vw, 300px\" \/><\/a> By\u0142 to nasz drugi wyk\u0142ad na temat Le\u015bnych Kompleks\u00f3w Promocyjnych.<\/p>\n<p>3 stycznia 2013r.wyk\u0142ad pt.: &#8222;Le\u015bny Kompleks Promocyjny Lasy Olszty\u0144skie&#8221; wyg\u0142osi\u0142 Pan Mariusz G\u00f3rski-K\u0142odzi\u0144ski z RDLP w Olsztynie, pe\u0142ni\u0105cy funkcj\u0119 sekretarza Rady Naukowo &#8211; Spo\u0142ecznej Kompleksu, w sk\u0142ad\u00a0kt\u00f3rej powo\u0142any zosta\u0142 decyzj\u0105 Dyrektora Generalnego Las\u00f3w Pa\u0144stwowych prezes naszego Ko\u0142a Anatol Leszczy\u0144ski.<\/p>\n<p>Rady Naukowo-Spo\u0142eczne LKP spe\u0142niaj\u0105 rol\u0119\u00a0 opiniodawcz\u0105 i doradcz\u0105 dyrektor\u00f3w regionalnych dyrekcji w zakresie\u00a0 podejmowania decyzji dotycz\u0105cych Kompleks\u00f3w.<\/p>\n<p><b>Le\u015bne Kompleksy Promocyjne <\/b>s\u0142u\u017c\u0105 popularyzacji w spo\u0142ecze\u0144stwie wiedzy o gospodarce i przyrodzie le\u015bnej oraz wdra\u017caniu w lasach gospodarki prowadzonej na podstawach ekologicznych. S\u0105 to obszary o szczeg\u00f3lnym znaczeniu naukowym i badawczym. Na ich terenie prowadzone s\u0105 interdyscyplinarne badania. Wyniki tych bada\u0144 pozwalaj\u0105 na doskonalenie metod gospodarowania w lesie i okre\u015blenie granic ingerencji gospodarczej w le\u015bn\u0105 przyrod\u0119. Tu prowadzi si\u0119 wzorcow\u0105 gospodark\u0119 zgodnie z zasadami trwa\u0142o\u015bci u\u017cytkowania las\u00f3w i zachowania ich warto\u015bci przyrodniczych, tu szkoli si\u0119 le\u015bnik\u00f3w.<\/p>\n<p>Dzi\u0119ki promocji le\u015bnictwa i udost\u0119pnieniu obszar\u00f3w administrowanych przez Lasy Pa\u0144stwowe, wszyscy ch\u0119tni mog\u0105 zapozna\u0107 si\u0119 z zasadami ekologicznej gospodarki le\u015bnej, korzysta\u0107 z bezpo\u015bredniego kontaktu z przyrod\u0105 bez wi\u0119kszych ogranicze\u0144 wst\u0119pu do lasu i poruszania si\u0119 po nim..<\/p>\n<p>LKP Lasy Mazurskie jest najwi\u0119kszym tego typu obiektem w Polsce. Zajmuje powierzchni\u0119 118 216 ha. W \u00a0ca\u0142o\u015bci le\u017cy w wojew\u00f3dztwie warmi\u0144sko-mazurskim. W jego sk\u0142ad wchodz\u0105 lasy nale\u017c\u0105ce do nadle\u015bnictw: Pisz i Maskuli\u0144skie z RDLP Bia\u0142ystok oraz Spychowo, Strza\u0142owo i Mr\u0105gowo (Obr\u0119b Mr\u0105gowo) z RDLP Olsztyn, a tak\u017ce grunty Stacji Badawczej Rolnictwa i Hodowli Zachowawczej Zwierz\u0105t PAN w Popielnie.<\/p>\n<p>R\u00f3\u017cnorodno\u015b\u0107 form geomorfologicznych i zwi\u0105zana z tym mozaikowato\u015b\u0107 gleb i siedlisk, obfito\u015b\u0107 w\u00f3d i teren\u00f3w podmok\u0142ych, rozleg\u0142e i dobrze zachowane kompleksy le\u015bne, \u015brednio intensywna, a nawet ekstensywna dzia\u0142alno\u015b\u0107 rolnicza i stosunkowo wysoki stopie\u0144 naturalno\u015bci wielu biotop\u00f3w, sprawi\u0142, \u017ce\u00a0LKP Lasy Mazurskie charakteryzuje si\u0119 wielkim bogactwem \u015bwiata ro\u015blin i zwierz\u0105t. Bardzo d\u0142uga jest lista wyst\u0119puj\u0105cych tu ro\u015blin chronionych, wiele z nich to prawdziwe klejnoty naszych las\u00f3w i \u0142\u0105k.\u00a0Podobnie jak \u015bwiat ro\u015blin bardzo bogata jest fauna LKP Lasy Mazurskie. Po\u0142udniowe lasy Puszczy Piskiej zamieszkuje kilka rodzin wilk\u00f3w. Po latach nieobecno\u015bci obserwowane s\u0105 na tym terenie rysie.<\/p>\n<p>&nbsp;<\/p>\n<p><a href=\"http:\/\/www.milosnicylasu.olsztyn.pl\/wp-content\/uploads\/2014\/02\/P2220017-www.jpg\" data-rel=\"lightbox-image-2\" data-magnific_type=\"image\" data-rl_title=\"\" data-rl_caption=\"\" title=\"\"><img loading=\"lazy\" decoding=\"async\" class=\"alignleft size-medium wp-image-989\" alt=\"P2220017-www\" src=\"http:\/\/www.milosnicylasu.olsztyn.pl\/wp-content\/uploads\/2014\/02\/P2220017-www-300x225.jpg\" width=\"300\" height=\"225\" srcset=\"https:\/\/www.milosnicylasu.olsztyn.pl\/wp-content\/uploads\/2014\/02\/P2220017-www-300x225.jpg 300w, https:\/\/www.milosnicylasu.olsztyn.pl\/wp-content\/uploads\/2014\/02\/P2220017-www-400x300.jpg 400w, https:\/\/www.milosnicylasu.olsztyn.pl\/wp-content\/uploads\/2014\/02\/P2220017-www.jpg 1024w\" sizes=\"auto, (max-width: 300px) 100vw, 300px\" \/><\/a><\/p>\n<p><a href=\"http:\/\/www.milosnicylasu.olsztyn.pl\/wp-content\/uploads\/2014\/02\/P2220015-www.jpg\" data-rel=\"lightbox-image-3\" data-magnific_type=\"image\" data-rl_title=\"\" data-rl_caption=\"\" title=\"\">\u00a0<\/a>Wyk\u0142ad by\u0142 ilustrowany wieloma slajdami. \u00a0Po wyk\u0142adzie Pan Adam odpowiada\u0142 szczeg\u00f3\u0142owo na pytania\u00a0\u00a0uczestnik\u00f3w spotkania, dotycz\u0105ce wyk\u0142adu jak r\u00f3wnie\u017c aktualnych problem\u00f3w zwi\u0105zanych ze zmian\u0105 polityki pa\u0144stwa w stosunku do las\u00f3w pa\u0144stwowych.<\/p>\n<p>W trakcie ca\u0142ego naszego pobytu towarzyszy\u0142 nam pies Adama. <a href=\"http:\/\/www.milosnicylasu.olsztyn.pl\/wp-content\/uploads\/2014\/02\/P2220041-www.jpg\" data-rel=\"lightbox-image-4\" data-magnific_type=\"image\" data-rl_title=\"\" data-rl_caption=\"\" title=\"\"><img loading=\"lazy\" decoding=\"async\" class=\"size-medium wp-image-996 alignright\" alt=\"P2220041-www\" src=\"http:\/\/www.milosnicylasu.olsztyn.pl\/wp-content\/uploads\/2014\/02\/P2220041-www-300x225.jpg\" width=\"300\" height=\"225\" srcset=\"https:\/\/www.milosnicylasu.olsztyn.pl\/wp-content\/uploads\/2014\/02\/P2220041-www-300x225.jpg 300w, https:\/\/www.milosnicylasu.olsztyn.pl\/wp-content\/uploads\/2014\/02\/P2220041-www-400x300.jpg 400w, https:\/\/www.milosnicylasu.olsztyn.pl\/wp-content\/uploads\/2014\/02\/P2220041-www.jpg 1024w\" sizes=\"auto, (max-width: 300px) 100vw, 300px\" \/><\/a><\/p>\n<p>&nbsp;<\/p>\n<p>&nbsp;<\/p>\n<p>Nast\u0119pnie zwiedzili\u015bmy funkcjonuj\u0105ce przy nadle\u015bnictwie muzeum, przeszli\u015bmy le\u015bn\u0105 \u015bcie\u017ck\u0105 dydaktyczn\u0105 do wiaty, gdzie le\u015bnicy przygotowali ognisko.<a href=\"http:\/\/www.milosnicylasu.olsztyn.pl\/wp-content\/uploads\/2014\/02\/P2220064-www.jpg\" data-rel=\"lightbox-image-5\" data-magnific_type=\"image\" data-rl_title=\"\" data-rl_caption=\"\" title=\"\"><img loading=\"lazy\" decoding=\"async\" class=\"alignleft size-medium wp-image-991\" alt=\"P2220064-www\" src=\"http:\/\/www.milosnicylasu.olsztyn.pl\/wp-content\/uploads\/2014\/02\/P2220064-www-300x225.jpg\" width=\"300\" height=\"225\" srcset=\"https:\/\/www.milosnicylasu.olsztyn.pl\/wp-content\/uploads\/2014\/02\/P2220064-www-300x225.jpg 300w, https:\/\/www.milosnicylasu.olsztyn.pl\/wp-content\/uploads\/2014\/02\/P2220064-www-400x300.jpg 400w, https:\/\/www.milosnicylasu.olsztyn.pl\/wp-content\/uploads\/2014\/02\/P2220064-www.jpg 1024w\" sizes=\"auto, (max-width: 300px) 100vw, 300px\" \/><\/a><\/p>\n<p>&nbsp;<\/p>\n<p>&nbsp;<\/p>\n<p>&nbsp;<\/p>\n<p>Dobra aura, plusowa temperatura sprzyja\u0142a apetytom. Wszyscy chwalili smaczn\u0105 le\u015bn\u0105 kie\u0142bask\u0119.<a href=\"http:\/\/www.milosnicylasu.olsztyn.pl\/wp-content\/uploads\/2014\/02\/P2220084-www.jpg\" data-rel=\"lightbox-image-6\" data-magnific_type=\"image\" data-rl_title=\"\" data-rl_caption=\"\" title=\"\"><img loading=\"lazy\" decoding=\"async\" class=\"size-medium wp-image-990 alignright\" alt=\"P2220084-www\" src=\"http:\/\/www.milosnicylasu.olsztyn.pl\/wp-content\/uploads\/2014\/02\/P2220084-www-300x225.jpg\" width=\"300\" height=\"225\" srcset=\"https:\/\/www.milosnicylasu.olsztyn.pl\/wp-content\/uploads\/2014\/02\/P2220084-www-300x225.jpg 300w, https:\/\/www.milosnicylasu.olsztyn.pl\/wp-content\/uploads\/2014\/02\/P2220084-www-400x300.jpg 400w, https:\/\/www.milosnicylasu.olsztyn.pl\/wp-content\/uploads\/2014\/02\/P2220084-www.jpg 1024w\" sizes=\"auto, (max-width: 300px) 100vw, 300px\" \/><\/a> W dobrych humorach wracali\u015bmy do domu.<\/p>\n<p>Dzi\u0119kujemy Kierownictwu Nadle\u015bnictwa a szczeg\u00f3lnie nadle\u015bniczemu Panu Krzysztofowi Krasuli za zaproszenie, za go\u015bcin\u0119, upominki\u00a0i mo\u017cliwo\u015b\u0107 zapoznania si\u0119 z prac\u0105 le\u015bnik\u00f3w. Dzi\u0119kujemy naszemu przewodnikowi Panu Adamowi Ge\u0142donowi za po\u015bwi\u0119cony czas i obszern\u0105 wiedz\u0119 , kt\u00f3ra nam przekaza\u0142.<\/p>\n<p>&nbsp;<\/p>\n","protected":false},"excerpt":{"rendered":"<p>22 lutego 2014r , 50 cz\u0142onk\u00f3w naszego Ko\u0142a mog\u0142o pozna\u0107 kolejne nadle\u015bnictwo w naszym wojew\u00f3dztwie. Tym razem skorzystali\u015bmy\u00a0 z zaproszenia Nadle\u015bnictwa Spychowo. Naszym przewodnikiem by\u0142 Pan Adam Ge\u0142don, kt\u00f3ry\u00a0jest nam dobrze znamy z poprzednich czterech spotka\u0144 w Regionalnej Dyrekcji Las\u00f3w Pa\u0144stwowych w Olsztynie. Tym razem, w pi\u0119knej sali edukacyjnej, przy kawie, herbacie i ciasteczkach, wys\u0142uchali\u015bmy [&hellip;]<\/p>\n","protected":false},"author":1,"featured_media":0,"comment_status":"open","ping_status":"open","sticky":false,"template":"","format":"standard","meta":{"footnotes":""},"categories":[1,5],"tags":[],"class_list":["post-987","post","type-post","status-publish","format-standard","hentry","category-bez-kategorii","category-wycieczki"],"_links":{"self":[{"href":"https:\/\/www.milosnicylasu.olsztyn.pl\/index.php?rest_route=\/wp\/v2\/posts\/987","targetHints":{"allow":["GET"]}}],"collection":[{"href":"https:\/\/www.milosnicylasu.olsztyn.pl\/index.php?rest_route=\/wp\/v2\/posts"}],"about":[{"href":"https:\/\/www.milosnicylasu.olsztyn.pl\/index.php?rest_route=\/wp\/v2\/types\/post"}],"author":[{"embeddable":true,"href":"https:\/\/www.milosnicylasu.olsztyn.pl\/index.php?rest_route=\/wp\/v2\/users\/1"}],"replies":[{"embeddable":true,"href":"https:\/\/www.milosnicylasu.olsztyn.pl\/index.php?rest_route=%2Fwp%2Fv2%2Fcomments&post=987"}],"version-history":[{"count":6,"href":"https:\/\/www.milosnicylasu.olsztyn.pl\/index.php?rest_route=\/wp\/v2\/posts\/987\/revisions"}],"predecessor-version":[{"id":1000,"href":"https:\/\/www.milosnicylasu.olsztyn.pl\/index.php?rest_route=\/wp\/v2\/posts\/987\/revisions\/1000"}],"wp:attachment":[{"href":"https:\/\/www.milosnicylasu.olsztyn.pl\/index.php?rest_route=%2Fwp%2Fv2%2Fmedia&parent=987"}],"wp:term":[{"taxonomy":"category","embeddable":true,"href":"https:\/\/www.milosnicylasu.olsztyn.pl\/index.php?rest_route=%2Fwp%2Fv2%2Fcategories&post=987"},{"taxonomy":"post_tag","embeddable":true,"href":"https:\/\/www.milosnicylasu.olsztyn.pl\/index.php?rest_route=%2Fwp%2Fv2%2Ftags&post=987"}],"curies":[{"name":"wp","href":"https:\/\/api.w.org\/{rel}","templated":true}]}}