{"id":9870,"date":"2026-01-08T19:42:02","date_gmt":"2026-01-08T18:42:02","guid":{"rendered":"https:\/\/www.milosnicylasu.olsztyn.pl\/?p=9870"},"modified":"2026-01-08T20:00:54","modified_gmt":"2026-01-08T19:00:54","slug":"na-wesolo-7","status":"publish","type":"post","link":"https:\/\/www.milosnicylasu.olsztyn.pl\/?p=9870","title":{"rendered":"Na weso\u0142o&#8230;&#8230;.."},"content":{"rendered":"<div class=\"moz-text-html\" lang=\"x-unicode\">\n<p><strong><a href=\"https:\/\/www.milosnicylasu.olsztyn.pl\/wp-content\/uploads\/2023\/06\/DSCN6364-www.jpg\" data-rel=\"lightbox-image-0\" data-magnific_type=\"image\" data-rl_title=\"\" data-rl_caption=\"\" title=\"\"><img loading=\"lazy\" decoding=\"async\" class=\"size-medium wp-image-8136 alignleft\" src=\"https:\/\/www.milosnicylasu.olsztyn.pl\/wp-content\/uploads\/2023\/06\/DSCN6364-www-300x225.jpg\" alt=\"\" width=\"300\" height=\"225\" srcset=\"https:\/\/www.milosnicylasu.olsztyn.pl\/wp-content\/uploads\/2023\/06\/DSCN6364-www-300x225.jpg 300w, https:\/\/www.milosnicylasu.olsztyn.pl\/wp-content\/uploads\/2023\/06\/DSCN6364-www-768x576.jpg 768w, https:\/\/www.milosnicylasu.olsztyn.pl\/wp-content\/uploads\/2023\/06\/DSCN6364-www.jpg 1024w\" sizes=\"auto, (max-width: 300px) 100vw, 300px\" \/><\/a>Dzi\u0119ki Wiesi Filipek b\u0119dzie weselej. Dzi\u0119kujemy za przesy\u0142k\u0119. Do \u017cart\u00f3w doda\u0142am zrobione przez Tolka zdj\u0119cia kwiat\u00f3w &#8211; aby do wiosny&#8230;&#8230;<\/strong><\/p>\n<p><span class=\"font\"><span class=\"size\"><b>Egzamin z\u00a0zoologii<\/b><\/span><\/span><\/p>\n<p>\u2013\u00a0<span class=\"font\"><span class=\"size\">Co to za ptak? \u2013\u00a0pyta studenta profesor wskazuj\u0105c na klatk\u0119, kt\u00f3ra jest przykryta tak, \u017ce wida\u0107 tylko nogi ptaka.<\/span><\/span><\/p>\n<p>\u2013\u00a0<span class=\"font\"><span class=\"size\">Nie wiem \u2013\u00a0m\u00f3wi student.<\/span><\/span><\/p>\n<p>\u2013\u00a0<span class=\"font\"><span class=\"size\">Jak si\u0119 pan nazywa? \u2013\u00a0pyta profesor. Student podci\u0105ga nogawki.<\/span><\/span><\/p>\n<p>\u2013\u00a0<span class=\"font\"><span class=\"size\">Niech pan profesor sam zgadnie.<\/span><\/span><\/p>\n<p>&nbsp;<\/p>\n<p><span class=\"font\"><span class=\"size\"><b>Micha\u0142ek zza drzwi \u0142azienki wo\u0142a do\u00a0 mamy:<\/b><\/span><\/span><\/p>\n<p>\u2013\u00a0 <span class=\"font\"><span class=\"size\">Mamo! Jak\u0105 koszulk\u0119 mam dzisiaj w\u0142o\u017cy\u0107?<\/span><\/span><\/p>\n<p>\u2013\u00a0<span class=\"font\"><span class=\"size\">Z\u00a0kr\u00f3tkimi r\u0119kawami, a\u00a0dlaczego pytasz?<\/span><\/span><\/p>\n<p>\u2013\u00a0<span class=\"font\"><span class=\"size\">Bo nie wiem, dok\u0105d mam umy\u0107 r\u0119ce..<\/span><\/span><\/p>\n<p><a href=\"https:\/\/www.milosnicylasu.olsztyn.pl\/wp-content\/uploads\/2023\/08\/P8120003-www.jpg\" data-rel=\"lightbox-image-1\" data-magnific_type=\"image\" data-rl_title=\"\" data-rl_caption=\"\" title=\"\"><img loading=\"lazy\" decoding=\"async\" class=\"size-medium wp-image-8175\" src=\"https:\/\/www.milosnicylasu.olsztyn.pl\/wp-content\/uploads\/2023\/08\/P8120003-www-300x225.jpg\" alt=\"\" width=\"300\" height=\"225\" srcset=\"https:\/\/www.milosnicylasu.olsztyn.pl\/wp-content\/uploads\/2023\/08\/P8120003-www-300x225.jpg 300w, https:\/\/www.milosnicylasu.olsztyn.pl\/wp-content\/uploads\/2023\/08\/P8120003-www-768x576.jpg 768w, https:\/\/www.milosnicylasu.olsztyn.pl\/wp-content\/uploads\/2023\/08\/P8120003-www.jpg 1024w\" sizes=\"auto, (max-width: 300px) 100vw, 300px\" \/><\/a><\/p>\n<p>&nbsp;<\/p>\n<p><span class=\"font\"><span class=\"size\"><b>Tata pi\u0105tki dzieci wygra\u0142 zabawk\u0119 na loterii. Zawo\u0142a\u0142 swoje dzieciaki i\u00a0 spyta\u0142, kt\u00f3re z\u00a0nich powinno otrzyma\u0107 prezent.<\/b><\/span><\/span><\/p>\n<p>\u2013\u00a0<span class=\"font\"><span class=\"size\">Kto jest najbardziej pos\u0142uszny? \u2013\u00a0spyta\u0142. \u2013\u00a0Kto nigdy brzydko nie odpowiada mamie? Kto robi wszystko to, co mama ka\u017ce?<\/span><\/span><\/p>\n<p><span class=\"font\"><span class=\"size\">Pi\u0119\u0107 g\u0142osik\u00f3w odpowiedzia\u0142o ch\u00f3rem:<\/span><\/span><\/p>\n<p>\u2013\u00a0 <span class=\"font\"><span class=\"size\">Dobra, tato, mo\u017cesz zatrzyma\u0107 zabawk\u0119.<\/span><\/span><\/p>\n<p>&nbsp;<\/p>\n<p class=\" align-left\"><strong><span class=\"font\"><span class=\"size\">Powiedzia\u0142em lekarzowi, \u017ce z\u0142ama\u0142em r\u0119k\u0119 w\u00a0dw\u00f3ch miejscach.<\/span><\/span><\/strong><\/p>\n<p><span class=\"font\"><span class=\"size\">Odpowiedzia\u0142, \u017cebym przesta\u0142 tam chodzi\u0107!<\/span><\/span><\/p>\n<div><\/div>\n<p><span class=\"font\"><span class=\"size\"><b>Jasio podchodzi do\u00a0Ma\u0142gosi i\u00a0m\u00f3wi:<\/b><\/span><\/span><\/p>\n<p>\u2013\u00a0<span class=\"font\"><span class=\"size\">Ale jeste\u015b \u015bliczna. Ma\u0142gosia na to:<\/span><\/span><\/p>\n<p>\u2013\u00a0<span class=\"font\"><span class=\"size\">Niestety, nie mog\u0119 tego powiedzie\u0107 o\u00a0tobie.<\/span><\/span><\/p>\n<p>\u2013\u00a0<span class=\"font\"><span class=\"size\">To zr\u00f3b tak jak ja, sk\u0142am.<\/span><\/span><\/p>\n<p><strong><span class=\"font\"><span class=\"size\"><a href=\"https:\/\/www.milosnicylasu.olsztyn.pl\/wp-content\/uploads\/2023\/03\/DSCN6229-www.jpg\" data-rel=\"lightbox-image-2\" data-magnific_type=\"image\" data-rl_title=\"\" data-rl_caption=\"\" title=\"\"><img loading=\"lazy\" decoding=\"async\" class=\"size-medium wp-image-7919 alignleft\" src=\"https:\/\/www.milosnicylasu.olsztyn.pl\/wp-content\/uploads\/2023\/03\/DSCN6229-www-300x225.jpg\" alt=\"\" width=\"300\" height=\"225\" srcset=\"https:\/\/www.milosnicylasu.olsztyn.pl\/wp-content\/uploads\/2023\/03\/DSCN6229-www-300x225.jpg 300w, https:\/\/www.milosnicylasu.olsztyn.pl\/wp-content\/uploads\/2023\/03\/DSCN6229-www-768x576.jpg 768w, https:\/\/www.milosnicylasu.olsztyn.pl\/wp-content\/uploads\/2023\/03\/DSCN6229-www.jpg 1024w\" sizes=\"auto, (max-width: 300px) 100vw, 300px\" \/><\/a>Sobotnie spotkanie znajomych. Panowie graj\u0105 w\u00a0bryd\u017ca. Panie zebra\u0142y si\u0119 w\u00a0pokoju obok i\u00a0obgaduj\u0105 m\u0119\u017c\u00f3w:<\/span><\/span><\/strong><\/p>\n<p>\u2013\u00a0<span class=\"font\"><span class=\"size\">A\u00a0m\u00f3j m\u0105\u017c to jest le\u0144!<\/span><\/span><\/p>\n<p>\u2013\u00a0<span class=\"font\"><span class=\"size\">A\u00a0m\u00f3j m\u0105\u017c to jest le\u0144 i\u00a0brudas!<\/span><\/span><\/p>\n<p>\u2013\u00a0<span class=\"font\"><span class=\"size\">A\u00a0m\u00f3j m\u0105\u017c to jest le\u0144, brudas i\u00a0syfilityk!<\/span><\/span><\/p>\n<p><span class=\"font\"><span class=\"size\">Zapad\u0142a cisza. Og\u00f3lna konsternacja.<\/span><\/span><\/p>\n<p><span class=\"font\"><span class=\"size\">Po chwili z\u00a0salonu dobiega g\u0142os m\u0119\u017ca:<\/span><\/span><\/p>\n<p>\u2013\u00a0<span class=\"font\"><span class=\"size\">Kochanie, tyle razy t\u0142umaczy\u0142em ci, \u017ce nie syfilityk, tylko filatelista!<\/span><\/span><\/p>\n<p><a href=\"https:\/\/www.milosnicylasu.olsztyn.pl\/wp-content\/uploads\/2022\/08\/P8200021-www.jpg\" data-rel=\"lightbox-image-3\" data-magnific_type=\"image\" data-rl_title=\"\" data-rl_caption=\"\" title=\"\"><img loading=\"lazy\" decoding=\"async\" class=\"size-medium wp-image-7274\" src=\"https:\/\/www.milosnicylasu.olsztyn.pl\/wp-content\/uploads\/2022\/08\/P8200021-www-300x225.jpg\" alt=\"\" width=\"300\" height=\"225\" srcset=\"https:\/\/www.milosnicylasu.olsztyn.pl\/wp-content\/uploads\/2022\/08\/P8200021-www-300x225.jpg 300w, https:\/\/www.milosnicylasu.olsztyn.pl\/wp-content\/uploads\/2022\/08\/P8200021-www-768x576.jpg 768w, https:\/\/www.milosnicylasu.olsztyn.pl\/wp-content\/uploads\/2022\/08\/P8200021-www.jpg 1024w\" sizes=\"auto, (max-width: 300px) 100vw, 300px\" \/><\/a><\/p>\n<p><strong><span class=\"font\"><span class=\"size\">Rozmowa s\u0105siad\u00f3w:<\/span><\/span><\/strong><\/p>\n<p>\u2013\u00a0<span class=\"font\"><span class=\"size\">S\u0142ysza\u0142em, \u017ce si\u0119 pan o\u017ceni\u0142.<\/span><\/span><\/p>\n<p>\u2013\u00a0<span class=\"font\"><span class=\"size\">To u\u00a0pana te\u017c to by\u0142o s\u0142ycha\u0107?<\/span><\/span><\/p>\n<div>\u00a0 \u00a0 \u00a0 \u00a0 \u00a0 \u00a0 \u00a0 \u00a0 \u00a0 \u00a0 \u00a0 \u00a0 \u00a0 \u00a0 \u00a0 \u00a0 \u00a0 \u00a0 \u00a0 \u00a0 pozdrawiam Wiesia<\/div>\n<\/div>\n","protected":false},"excerpt":{"rendered":"<p>Dzi\u0119ki Wiesi Filipek b\u0119dzie weselej. Dzi\u0119kujemy za przesy\u0142k\u0119. Do \u017cart\u00f3w doda\u0142am zrobione przez Tolka zdj\u0119cia kwiat\u00f3w &#8211; aby do wiosny&#8230;&#8230; Egzamin z\u00a0zoologii \u2013\u00a0Co to za ptak? \u2013\u00a0pyta studenta profesor wskazuj\u0105c na klatk\u0119, kt\u00f3ra jest przykryta tak, \u017ce wida\u0107 tylko nogi ptaka. \u2013\u00a0Nie wiem \u2013\u00a0m\u00f3wi student. \u2013\u00a0Jak si\u0119 pan nazywa? \u2013\u00a0pyta profesor. Student podci\u0105ga nogawki. \u2013\u00a0Niech [&hellip;]<\/p>\n","protected":false},"author":2,"featured_media":0,"comment_status":"open","ping_status":"open","sticky":false,"template":"","format":"standard","meta":{"footnotes":""},"categories":[1,9,16],"tags":[],"class_list":["post-9870","post","type-post","status-publish","format-standard","hentry","category-bez-kategorii","category-ciekawostki","category-zarty"],"_links":{"self":[{"href":"https:\/\/www.milosnicylasu.olsztyn.pl\/index.php?rest_route=\/wp\/v2\/posts\/9870","targetHints":{"allow":["GET"]}}],"collection":[{"href":"https:\/\/www.milosnicylasu.olsztyn.pl\/index.php?rest_route=\/wp\/v2\/posts"}],"about":[{"href":"https:\/\/www.milosnicylasu.olsztyn.pl\/index.php?rest_route=\/wp\/v2\/types\/post"}],"author":[{"embeddable":true,"href":"https:\/\/www.milosnicylasu.olsztyn.pl\/index.php?rest_route=\/wp\/v2\/users\/2"}],"replies":[{"embeddable":true,"href":"https:\/\/www.milosnicylasu.olsztyn.pl\/index.php?rest_route=%2Fwp%2Fv2%2Fcomments&post=9870"}],"version-history":[{"count":3,"href":"https:\/\/www.milosnicylasu.olsztyn.pl\/index.php?rest_route=\/wp\/v2\/posts\/9870\/revisions"}],"predecessor-version":[{"id":9873,"href":"https:\/\/www.milosnicylasu.olsztyn.pl\/index.php?rest_route=\/wp\/v2\/posts\/9870\/revisions\/9873"}],"wp:attachment":[{"href":"https:\/\/www.milosnicylasu.olsztyn.pl\/index.php?rest_route=%2Fwp%2Fv2%2Fmedia&parent=9870"}],"wp:term":[{"taxonomy":"category","embeddable":true,"href":"https:\/\/www.milosnicylasu.olsztyn.pl\/index.php?rest_route=%2Fwp%2Fv2%2Fcategories&post=9870"},{"taxonomy":"post_tag","embeddable":true,"href":"https:\/\/www.milosnicylasu.olsztyn.pl\/index.php?rest_route=%2Fwp%2Fv2%2Ftags&post=9870"}],"curies":[{"name":"wp","href":"https:\/\/api.w.org\/{rel}","templated":true}]}}