{"id":9874,"date":"2026-01-09T06:40:06","date_gmt":"2026-01-09T05:40:06","guid":{"rendered":"https:\/\/www.milosnicylasu.olsztyn.pl\/?p=9874"},"modified":"2026-01-09T07:10:56","modified_gmt":"2026-01-09T06:10:56","slug":"grzyby-zima-czemu-nie","status":"publish","type":"post","link":"https:\/\/www.milosnicylasu.olsztyn.pl\/?p=9874","title":{"rendered":"Grzyby zim\u0105? Czemu nie."},"content":{"rendered":"<p><a href=\"https:\/\/www.milosnicylasu.olsztyn.pl\/wp-content\/uploads\/2026\/01\/P1080031-www.jpg\" data-rel=\"lightbox-image-0\" data-magnific_type=\"image\" data-rl_title=\"\" data-rl_caption=\"\" title=\"\"><img loading=\"lazy\" decoding=\"async\" class=\"size-medium wp-image-9875 alignleft\" src=\"https:\/\/www.milosnicylasu.olsztyn.pl\/wp-content\/uploads\/2026\/01\/P1080031-www-300x225.jpg\" alt=\"\" width=\"300\" height=\"225\" srcset=\"https:\/\/www.milosnicylasu.olsztyn.pl\/wp-content\/uploads\/2026\/01\/P1080031-www-300x225.jpg 300w, https:\/\/www.milosnicylasu.olsztyn.pl\/wp-content\/uploads\/2026\/01\/P1080031-www-768x576.jpg 768w, https:\/\/www.milosnicylasu.olsztyn.pl\/wp-content\/uploads\/2026\/01\/P1080031-www.jpg 1024w\" sizes=\"auto, (max-width: 300px) 100vw, 300px\" \/><\/a><\/p>\n<p><strong>8.01.2026r odby\u0142o si\u0119 uroczyste spotkanie cz\u0142onk\u00f3w Ko\u0142a Mi\u0142o\u015bnik\u00f3w Lasu\u00a0 przy Regionalnej Dyrekcji Las\u00f3w Pa\u0144stwowych w Olsztynie.<\/strong><\/p>\n<p><strong>Prezes Ko\u0142a Anatol Leszczy\u0144ski i w-ce Prezes Adam Siemakowicz\u00a0 wr\u0119czyli legitymacje cz\u0142onkowskie cz\u0142onkom powo\u0142anego Ko\u0142a.<\/strong><\/p>\n<p><strong><a href=\"https:\/\/www.milosnicylasu.olsztyn.pl\/wp-content\/uploads\/2026\/01\/P1080027-www.jpg\" data-rel=\"lightbox-image-1\" data-magnific_type=\"image\" data-rl_title=\"\" data-rl_caption=\"\" title=\"\"><img loading=\"lazy\" decoding=\"async\" class=\"size-medium wp-image-9876\" src=\"https:\/\/www.milosnicylasu.olsztyn.pl\/wp-content\/uploads\/2026\/01\/P1080027-www-300x225.jpg\" alt=\"\" width=\"300\" height=\"225\" srcset=\"https:\/\/www.milosnicylasu.olsztyn.pl\/wp-content\/uploads\/2026\/01\/P1080027-www-300x225.jpg 300w, https:\/\/www.milosnicylasu.olsztyn.pl\/wp-content\/uploads\/2026\/01\/P1080027-www-768x576.jpg 768w, https:\/\/www.milosnicylasu.olsztyn.pl\/wp-content\/uploads\/2026\/01\/P1080027-www.jpg 1024w\" sizes=\"auto, (max-width: 300px) 100vw, 300px\" \/><\/a><\/strong><\/p>\n<p><strong>Jako pierwszej\u00a0 Adam Siemakowicz legitymacj\u0119 wr\u0119czy\u0142 Pani Ma\u0142gorzacie Grucy pracownicy RDLP w Olsztynie. Pani Ma\u0142gosia \u00a0jest kierownikiem Zespo\u0142u ds. Ochrony Zasob\u00f3w Przyrodniczych. W dniu dzisiejszym prowadzi\u0142a\u00a0 edukacj\u0119 przyrodniczo le\u015bn\u0105 na temat \u201eZimowe grzyby le\u015bne\u201d.<\/strong><\/p>\n<p><strong><a href=\"https:\/\/www.milosnicylasu.olsztyn.pl\/wp-content\/uploads\/2026\/01\/P1080013-www.jpg\" data-rel=\"lightbox-image-2\" data-magnific_type=\"image\" data-rl_title=\"\" data-rl_caption=\"\" title=\"\"><img loading=\"lazy\" decoding=\"async\" class=\"size-medium wp-image-9877 alignleft\" src=\"https:\/\/www.milosnicylasu.olsztyn.pl\/wp-content\/uploads\/2026\/01\/P1080013-www-300x225.jpg\" alt=\"\" width=\"300\" height=\"225\" srcset=\"https:\/\/www.milosnicylasu.olsztyn.pl\/wp-content\/uploads\/2026\/01\/P1080013-www-300x225.jpg 300w, https:\/\/www.milosnicylasu.olsztyn.pl\/wp-content\/uploads\/2026\/01\/P1080013-www-768x576.jpg 768w, https:\/\/www.milosnicylasu.olsztyn.pl\/wp-content\/uploads\/2026\/01\/P1080013-www.jpg 1024w\" sizes=\"auto, (max-width: 300px) 100vw, 300px\" \/><\/a><\/strong><\/p>\n<p><strong><a href=\"https:\/\/www.milosnicylasu.olsztyn.pl\/wp-content\/uploads\/2026\/01\/P1080016-www.jpg\" data-rel=\"lightbox-image-3\" data-magnific_type=\"image\" data-rl_title=\"\" data-rl_caption=\"\" title=\"\"><img loading=\"lazy\" decoding=\"async\" class=\"size-medium wp-image-9878\" src=\"https:\/\/www.milosnicylasu.olsztyn.pl\/wp-content\/uploads\/2026\/01\/P1080016-www-300x225.jpg\" alt=\"\" width=\"300\" height=\"225\" srcset=\"https:\/\/www.milosnicylasu.olsztyn.pl\/wp-content\/uploads\/2026\/01\/P1080016-www-300x225.jpg 300w, https:\/\/www.milosnicylasu.olsztyn.pl\/wp-content\/uploads\/2026\/01\/P1080016-www-768x576.jpg 768w, https:\/\/www.milosnicylasu.olsztyn.pl\/wp-content\/uploads\/2026\/01\/P1080016-www.jpg 1024w\" sizes=\"auto, (max-width: 300px) 100vw, 300px\" \/><\/a><\/strong><\/p>\n<p><strong>Spotkanie jak \u00a0i poprzednie wyk\u0142ady Pani Ma\u0142gosi by\u0142o na bardzo wysokim poziomie edukacyjnym. Dowiedzieli\u015bmy si\u0119 o takich grzybach mi\u0119dzy innymi jak: p\u0142omiennica zimowa, uszak bzowy, boczniak ostrygowaty, trz\u0119sak pomara\u0144czowo\u017c\u00f3\u0142ty, \u015bnie\u017cny grzyb.<\/strong><\/p>\n<p><strong>Mogli\u015bmy je zobaczy\u0107 nie tylko w opracowaniu\u00a0 z przekazu multimedialnego ale te\u017c\u00a0 us\u0142ysze\u0107 o ich zastosowaniu spo\u017cywczym i w medycynie. Mogli\u015bmy r\u00f3wnie\u017c\u00a0 dotkn\u0105\u0107, pow\u0105cha\u0107, spr\u00f3bowa\u0107. Pani Ma\u0142gosia przynios\u0142a na nasze spotkanie te\u017c zimowe grzybki znajduj\u0105ce si\u0119 na uci\u0119tych ga\u0142\u0105zkach i w pojemniczkach.<\/strong><\/p>\n<p><strong><a href=\"https:\/\/www.milosnicylasu.olsztyn.pl\/wp-content\/uploads\/2026\/01\/P1080011-www-1.jpg\" data-rel=\"lightbox-image-4\" data-magnific_type=\"image\" data-rl_title=\"\" data-rl_caption=\"\" title=\"\"><img loading=\"lazy\" decoding=\"async\" class=\"size-medium wp-image-9880 alignright\" src=\"https:\/\/www.milosnicylasu.olsztyn.pl\/wp-content\/uploads\/2026\/01\/P1080011-www-1-300x225.jpg\" alt=\"\" width=\"300\" height=\"225\" srcset=\"https:\/\/www.milosnicylasu.olsztyn.pl\/wp-content\/uploads\/2026\/01\/P1080011-www-1-300x225.jpg 300w, https:\/\/www.milosnicylasu.olsztyn.pl\/wp-content\/uploads\/2026\/01\/P1080011-www-1-768x576.jpg 768w, https:\/\/www.milosnicylasu.olsztyn.pl\/wp-content\/uploads\/2026\/01\/P1080011-www-1.jpg 1024w\" sizes=\"auto, (max-width: 300px) 100vw, 300px\" \/><\/a><\/strong><\/p>\n<p><strong>Dzi\u0119kujemy za \u00a0bardzo interesuj\u0105cy wyk\u0142ad, dowiedzieli\u015bmy si\u0119 o ciekawostkach mniej znanych ale bardzo interesuj\u0105cych.<\/strong><\/p>\n<p><strong>Cieszymy si\u0119, \u017ce zgodzi\u0142a si\u0119 Pani by\u0107 cz\u0142onkiem naszego Ko\u0142a. Gor\u0105co witamy!<\/strong><\/p>\n","protected":false},"excerpt":{"rendered":"<p>8.01.2026r odby\u0142o si\u0119 uroczyste spotkanie cz\u0142onk\u00f3w Ko\u0142a Mi\u0142o\u015bnik\u00f3w Lasu\u00a0 przy Regionalnej Dyrekcji Las\u00f3w Pa\u0144stwowych w Olsztynie. Prezes Ko\u0142a Anatol Leszczy\u0144ski i w-ce Prezes Adam Siemakowicz\u00a0 wr\u0119czyli legitymacje cz\u0142onkowskie cz\u0142onkom powo\u0142anego Ko\u0142a. Jako pierwszej\u00a0 Adam Siemakowicz legitymacj\u0119 wr\u0119czy\u0142 Pani Ma\u0142gorzacie Grucy pracownicy RDLP w Olsztynie. Pani Ma\u0142gosia \u00a0jest kierownikiem Zespo\u0142u ds. Ochrony Zasob\u00f3w Przyrodniczych. W dniu [&hellip;]<\/p>\n","protected":false},"author":2,"featured_media":0,"comment_status":"open","ping_status":"open","sticky":false,"template":"","format":"standard","meta":{"footnotes":""},"categories":[1,9,3],"tags":[],"class_list":["post-9874","post","type-post","status-publish","format-standard","hentry","category-bez-kategorii","category-ciekawostki","category-zebrania"],"_links":{"self":[{"href":"https:\/\/www.milosnicylasu.olsztyn.pl\/index.php?rest_route=\/wp\/v2\/posts\/9874","targetHints":{"allow":["GET"]}}],"collection":[{"href":"https:\/\/www.milosnicylasu.olsztyn.pl\/index.php?rest_route=\/wp\/v2\/posts"}],"about":[{"href":"https:\/\/www.milosnicylasu.olsztyn.pl\/index.php?rest_route=\/wp\/v2\/types\/post"}],"author":[{"embeddable":true,"href":"https:\/\/www.milosnicylasu.olsztyn.pl\/index.php?rest_route=\/wp\/v2\/users\/2"}],"replies":[{"embeddable":true,"href":"https:\/\/www.milosnicylasu.olsztyn.pl\/index.php?rest_route=%2Fwp%2Fv2%2Fcomments&post=9874"}],"version-history":[{"count":4,"href":"https:\/\/www.milosnicylasu.olsztyn.pl\/index.php?rest_route=\/wp\/v2\/posts\/9874\/revisions"}],"predecessor-version":[{"id":9884,"href":"https:\/\/www.milosnicylasu.olsztyn.pl\/index.php?rest_route=\/wp\/v2\/posts\/9874\/revisions\/9884"}],"wp:attachment":[{"href":"https:\/\/www.milosnicylasu.olsztyn.pl\/index.php?rest_route=%2Fwp%2Fv2%2Fmedia&parent=9874"}],"wp:term":[{"taxonomy":"category","embeddable":true,"href":"https:\/\/www.milosnicylasu.olsztyn.pl\/index.php?rest_route=%2Fwp%2Fv2%2Fcategories&post=9874"},{"taxonomy":"post_tag","embeddable":true,"href":"https:\/\/www.milosnicylasu.olsztyn.pl\/index.php?rest_route=%2Fwp%2Fv2%2Ftags&post=9874"}],"curies":[{"name":"wp","href":"https:\/\/api.w.org\/{rel}","templated":true}]}}