{"id":9921,"date":"2026-04-29T09:10:47","date_gmt":"2026-04-29T07:10:47","guid":{"rendered":"https:\/\/www.milosnicylasu.olsztyn.pl\/?p=9921"},"modified":"2026-04-29T09:38:44","modified_gmt":"2026-04-29T07:38:44","slug":"wiosna-to-czas-optymizmu","status":"publish","type":"post","link":"https:\/\/www.milosnicylasu.olsztyn.pl\/?p=9921","title":{"rendered":"Wiosna to czas optymizmu"},"content":{"rendered":"<p>Wiosna to jedna z czterech p\u00f3r roku, oznaczaj\u0105ca budzenie si\u0119 przyrody do \u017cycia, wzrost temperatur i kwitnienie ro\u015blin (np. przebi\u015bnieg\u00f3w, krokus\u00f3w). Astronomiczna wiosna rozpoczyna si\u0119 20-21 marca, w dniu r\u00f3wnonocy wiosennej. To czas optymizmu, w kt\u00f3rym dni staj\u0105 si\u0119 coraz d\u0142u\u017csze, a natura zyskuje intensywne barwy. Widzimy to wok\u00f3\u0142 nas. Wystarczy wyj\u015b\u0107 na spacer, a nawet wygl\u0105dn\u0105\u0107 przez okno. I to co by\u0142o wida\u0107 u nas:<\/p>\n<ul>\n<li>kwitn\u0105ce mirabelki, zielona trawa, a bardziej uwa\u017cni zobacz\u0105 dwa kozio\u0142ki<\/li>\n<\/ul>\n<p>&nbsp;<\/p>\n<p><a href=\"https:\/\/www.milosnicylasu.olsztyn.pl\/wp-content\/uploads\/2026\/04\/P4200008-www.jpg\" data-rel=\"lightbox-image-0\" data-magnific_type=\"image\" data-rl_title=\"\" data-rl_caption=\"\" title=\"\"><img loading=\"lazy\" decoding=\"async\" class=\"size-medium wp-image-9924\" src=\"https:\/\/www.milosnicylasu.olsztyn.pl\/wp-content\/uploads\/2026\/04\/P4200008-www-300x225.jpg\" alt=\"\" width=\"300\" height=\"225\" srcset=\"https:\/\/www.milosnicylasu.olsztyn.pl\/wp-content\/uploads\/2026\/04\/P4200008-www-300x225.jpg 300w, https:\/\/www.milosnicylasu.olsztyn.pl\/wp-content\/uploads\/2026\/04\/P4200008-www-768x576.jpg 768w, https:\/\/www.milosnicylasu.olsztyn.pl\/wp-content\/uploads\/2026\/04\/P4200008-www.jpg 1024w\" sizes=\"auto, (max-width: 300px) 100vw, 300px\" \/><\/a><\/p>\n<p><strong>To widok\u00a0 przed oknem w Olsztynie<\/strong><\/p>\n<p><strong>, a co na Wad\u0105gu? te\u017c ciekawie:<\/strong><\/p>\n<p><em><strong>CIEMIERNIK<a href=\"https:\/\/www.milosnicylasu.olsztyn.pl\/wp-content\/uploads\/2026\/04\/DSCN8315-www.jpg\" data-rel=\"lightbox-image-1\" data-magnific_type=\"image\" data-rl_title=\"\" data-rl_caption=\"\" title=\"\"><img loading=\"lazy\" decoding=\"async\" class=\"size-medium wp-image-9929 alignleft\" src=\"https:\/\/www.milosnicylasu.olsztyn.pl\/wp-content\/uploads\/2026\/04\/DSCN8315-www-300x225.jpg\" alt=\"\" width=\"300\" height=\"225\" srcset=\"https:\/\/www.milosnicylasu.olsztyn.pl\/wp-content\/uploads\/2026\/04\/DSCN8315-www-300x225.jpg 300w, https:\/\/www.milosnicylasu.olsztyn.pl\/wp-content\/uploads\/2026\/04\/DSCN8315-www-768x576.jpg 768w, https:\/\/www.milosnicylasu.olsztyn.pl\/wp-content\/uploads\/2026\/04\/DSCN8315-www.jpg 1024w\" sizes=\"auto, (max-width: 300px) 100vw, 300px\" \/><\/a><\/strong><\/em><\/p>\n<p><em>Ciemiernik jest niezwykle po\u017c\u0105dan\u0105 ro\u015blin\u0105, gdy\u017c jej kwitnienie przypada na jesie\u0144 i zim\u0119. Doskonale sprawdzi si\u0119 do rabatek ca\u0142orocznych i b\u0119dzie zdobi\u0142 przestrze\u0144 ogrodu w najbardziej pochmurnych porach roku. Te r\u00f3\u017cnokszta\u0142tne i wielobarwne kwiaty doskonale si\u0119 prezentuj\u0105 w ogrodzie, przez co nabiera radosnego wyd\u017awi\u0119ku tak\u017ce przy ma\u0142o sprzyjaj\u0105cej ogrodowym obowi\u0105zkom pogodzie<\/em>. Posadzili\u015bmy go wiele lat temu, licz\u0105c, \u017ce zakwitnie w lutym. Niestety niespodzianka &#8211; kwitnie jak ka\u017cdego roku w kwietniu.<\/p>\n<p>&nbsp;<\/p>\n<p>&nbsp;<\/p>\n","protected":false},"excerpt":{"rendered":"<p>Wiosna to jedna z czterech p\u00f3r roku, oznaczaj\u0105ca budzenie si\u0119 przyrody do \u017cycia, wzrost temperatur i kwitnienie ro\u015blin (np. przebi\u015bnieg\u00f3w, krokus\u00f3w). Astronomiczna wiosna rozpoczyna si\u0119 20-21 marca, w dniu r\u00f3wnonocy wiosennej. To czas optymizmu, w kt\u00f3rym dni staj\u0105 si\u0119 coraz d\u0142u\u017csze, a natura zyskuje intensywne barwy. Widzimy to wok\u00f3\u0142 nas. Wystarczy wyj\u015b\u0107 na spacer, a [&hellip;]<\/p>\n","protected":false},"author":2,"featured_media":0,"comment_status":"open","ping_status":"open","sticky":false,"template":"","format":"standard","meta":{"footnotes":""},"categories":[1,9,17],"tags":[],"class_list":["post-9921","post","type-post","status-publish","format-standard","hentry","category-bez-kategorii","category-ciekawostki","category-edukacja-w-terenie"],"_links":{"self":[{"href":"https:\/\/www.milosnicylasu.olsztyn.pl\/index.php?rest_route=\/wp\/v2\/posts\/9921","targetHints":{"allow":["GET"]}}],"collection":[{"href":"https:\/\/www.milosnicylasu.olsztyn.pl\/index.php?rest_route=\/wp\/v2\/posts"}],"about":[{"href":"https:\/\/www.milosnicylasu.olsztyn.pl\/index.php?rest_route=\/wp\/v2\/types\/post"}],"author":[{"embeddable":true,"href":"https:\/\/www.milosnicylasu.olsztyn.pl\/index.php?rest_route=\/wp\/v2\/users\/2"}],"replies":[{"embeddable":true,"href":"https:\/\/www.milosnicylasu.olsztyn.pl\/index.php?rest_route=%2Fwp%2Fv2%2Fcomments&post=9921"}],"version-history":[{"count":3,"href":"https:\/\/www.milosnicylasu.olsztyn.pl\/index.php?rest_route=\/wp\/v2\/posts\/9921\/revisions"}],"predecessor-version":[{"id":9930,"href":"https:\/\/www.milosnicylasu.olsztyn.pl\/index.php?rest_route=\/wp\/v2\/posts\/9921\/revisions\/9930"}],"wp:attachment":[{"href":"https:\/\/www.milosnicylasu.olsztyn.pl\/index.php?rest_route=%2Fwp%2Fv2%2Fmedia&parent=9921"}],"wp:term":[{"taxonomy":"category","embeddable":true,"href":"https:\/\/www.milosnicylasu.olsztyn.pl\/index.php?rest_route=%2Fwp%2Fv2%2Fcategories&post=9921"},{"taxonomy":"post_tag","embeddable":true,"href":"https:\/\/www.milosnicylasu.olsztyn.pl\/index.php?rest_route=%2Fwp%2Fv2%2Ftags&post=9921"}],"curies":[{"name":"wp","href":"https:\/\/api.w.org\/{rel}","templated":true}]}}